{"id":898,"date":"2015-10-09T10:03:39","date_gmt":"2015-10-09T14:03:39","guid":{"rendered":"http:\/\/santemc.quebec\/icentre\/?p=898"},"modified":"2015-10-09T15:54:42","modified_gmt":"2015-10-09T19:54:42","slug":"les-dernieres-nominations-de-cadres-intermediaires-au-cisss-de-la-monteregie-centre-2","status":"publish","type":"post","link":"https:\/\/santemc.quebec\/icentre\/les-dernieres-nominations-de-cadres-intermediaires-au-cisss-de-la-monteregie-centre-2\/","title":{"rendered":"Les derni\u00e8res nominations de cadres interm\u00e9diaires au CISSS de la Mont\u00e9r\u00e9gie-Centre"},"content":{"rendered":"<p>Voici les plus r\u00e9centes nominations :\u00a0<!--more--><span id=\"more-763\"><\/span><\/p>\n<p><strong>Direction\u00a0des services professionnels<\/strong><\/p>\n<table>\n<tbody>\n<tr>\n<td width=\"60%\">Chef des services d\u2019accueil, admission, archives m\u00e9dicales et centrales de rendez-vous, et de la gestion documentaire pour le territoire de Champlain-Charles-Lemoyne<\/td>\n<td>Marie-Claude Paquette<\/td>\n<\/tr>\n<tr>\n<td width=\"60%\">Chef des services d\u2019accueil, admission, archives m\u00e9dicales et centrales de rendez-vous, et de la gestion documentaire pour le territoire Haut-Richelieu-Rouville<\/td>\n<td>Nathalie Falardeau<\/td>\n<\/tr>\n<\/tbody>\n<\/table>\n<p>&nbsp;<\/p>\n<p><strong>Direction\u00a0des\u00a0soins infirmiers &#8211; op\u00e9rations<\/strong><\/p>\n<table width=\"581\">\n<tbody>\n<tr>\n<td width=\"60%\">Coordonnatrice de l\u2019urgence et de l\u2019unit\u00e9 d\u2019hospitalisation br\u00e8ve<\/td>\n<td>Nathalie Caya<\/td>\n<\/tr>\n<\/tbody>\n<\/table>\n<p>&nbsp;<\/p>\n<p><strong>Direction des ressources humaines, des communications et des affaires juridiques <\/strong><\/p>\n<table width=\"581\">\n<tbody>\n<tr>\n<td width=\"60%\">Conseill\u00e8re sp\u00e9cialis\u00e9e en gestion des ressources humaines et relations de travail<\/td>\n<td>Julie Fortin<\/td>\n<\/tr>\n<\/tbody>\n<\/table>\n<p>&nbsp;<\/p>\n<p><strong>Direction des services techniques<\/strong><\/p>\n<table width=\"581\">\n<tbody>\n<tr>\n<td width=\"60%\">Chef de secteur hygi\u00e8ne et salubrit\u00e9, site HRR<\/td>\n<td>Michel Lamothe<\/td>\n<\/tr>\n<tr>\n<td width=\"60%\">Chef de secteur hygi\u00e8ne et salubrit\u00e9, site CCLM<\/td>\n<td>Pierre Demers<\/td>\n<\/tr>\n<tr>\n<td width=\"60%\">Chef de service hygi\u00e8ne et salubrit\u00e9, site\u00a0CCLM<\/td>\n<td>St\u00e9phane Baran<\/td>\n<\/tr>\n<\/tbody>\n<\/table>\n<p>&nbsp;<\/p>\n","protected":false},"excerpt":{"rendered":"<p>Voici les plus r\u00e9centes nominations :\u00a0<\/p>\n","protected":false},"author":1,"featured_media":0,"comment_status":"open","ping_status":"closed","sticky":false,"template":"","format":"standard","meta":{"footnotes":""},"categories":[1],"tags":[8],"_links":{"self":[{"href":"https:\/\/santemc.quebec\/icentre\/wp-json\/wp\/v2\/posts\/898"}],"collection":[{"href":"https:\/\/santemc.quebec\/icentre\/wp-json\/wp\/v2\/posts"}],"about":[{"href":"https:\/\/santemc.quebec\/icentre\/wp-json\/wp\/v2\/types\/post"}],"author":[{"embeddable":true,"href":"https:\/\/santemc.quebec\/icentre\/wp-json\/wp\/v2\/users\/1"}],"replies":[{"embeddable":true,"href":"https:\/\/santemc.quebec\/icentre\/wp-json\/wp\/v2\/comments?post=898"}],"version-history":[{"count":1,"href":"https:\/\/santemc.quebec\/icentre\/wp-json\/wp\/v2\/posts\/898\/revisions"}],"predecessor-version":[{"id":899,"href":"https:\/\/santemc.quebec\/icentre\/wp-json\/wp\/v2\/posts\/898\/revisions\/899"}],"wp:attachment":[{"href":"https:\/\/santemc.quebec\/icentre\/wp-json\/wp\/v2\/media?parent=898"}],"wp:term":[{"taxonomy":"category","embeddable":true,"href":"https:\/\/santemc.quebec\/icentre\/wp-json\/wp\/v2\/categories?post=898"},{"taxonomy":"post_tag","embeddable":true,"href":"https:\/\/santemc.quebec\/icentre\/wp-json\/wp\/v2\/tags?post=898"}],"curies":[{"name":"wp","href":"https:\/\/api.w.org\/{rel}","templated":true}]}}