{"id":902,"date":"2015-10-15T08:49:59","date_gmt":"2015-10-15T12:49:59","guid":{"rendered":"http:\/\/santemc.quebec\/icentre\/?p=902"},"modified":"2015-10-15T14:01:20","modified_gmt":"2015-10-15T18:01:20","slug":"le-nouveau-quai-propre-de-lhopital-charles-le-moyne-ouvre-ses-portes","status":"publish","type":"post","link":"https:\/\/santemc.quebec\/icentre\/le-nouveau-quai-propre-de-lhopital-charles-le-moyne-ouvre-ses-portes\/","title":{"rendered":"Le nouveau quai propre de l\u2019H\u00f4pital Charles-Le Moyne ouvre ses portes"},"content":{"rendered":"<p><a href=\"http:\/\/santemc.quebec\/santemc\/icentre\/wp-content\/uploads\/2015\/10\/Quais_ext.jpg\"><img decoding=\"async\" loading=\"lazy\" class=\"alignleft wp-image-903 size-thumbnail\" src=\"http:\/\/santemc.quebec\/santemc\/icentre\/wp-content\/uploads\/2015\/10\/Quais_ext-150x150.jpg\" alt=\"Quais_ext\" width=\"150\" height=\"150\" \/><\/a>L\u2019H\u00f4pital Charles-Le Moyne franchissait\u00a0hier un autre pas vers l\u2019inauguration de sa nouvelle urgence avec l\u2019ouverture de son nouveau quai propre.<\/p>\n<p><em>Photo en une : Vue de l&rsquo;ext\u00e9rieur des nouveaux quais am\u00e9nag\u00e9s sous les futures aires d\u2019observation de l\u2019urgence.<\/em><!--more--><\/p>\n<p>Utilis\u00e9 pour la r\u00e9ception de marchandises, le quai propre avait temporairement \u00e9t\u00e9 relocalis\u00e9 les deux derni\u00e8res ann\u00e9es pour faire place au chantier de construction de l\u2019urgence. La nouvelle zone de d\u00e9barcad\u00e8re qui a \u00e9t\u00e9 am\u00e9nag\u00e9e sous les futures aires d\u2019observation de l\u2019urgence, \u00e0 l\u2019arri\u00e8re de l\u2019h\u00f4pital, comprend en tout neuf acc\u00e8s r\u00e9partis en zones propres et souill\u00e9es.<\/p>\n<p>La prochaine \u00e9tape majeure consistera en la prise de possession des nouvelles aires d\u2019observation dont les travaux avancent bon train. Cet am\u00e9nagement pr\u00e9sentera une am\u00e9lioration consid\u00e9rable pour les \u00e9quipes et les usagers de l\u2019urgence qui b\u00e9n\u00e9ficieront d\u2019un environnement spacieux, moderne et s\u00e9curitaire. L\u2019autre partie du d\u00e9barcad\u00e8re, soit les quais souill\u00e9s, sera \u00e9galement ouverte \u00e0 ce moment.<\/p>\n<p>La livraison totale du projet de l\u2019urgence, incluant notamment la salle de choc, l\u2019aire d\u2019attente et les salles de consultation, est quant \u00e0 elle attendue pour le printemps prochain. Un grand projet que nous suivrons attentivement avec vous!<\/p>\n<p><a href=\"http:\/\/santemc.quebec\/santemc\/icentre\/wp-content\/uploads\/2015\/10\/Quais_int.jpg\"><img decoding=\"async\" loading=\"lazy\" class=\"alignnone size-medium wp-image-904\" src=\"http:\/\/santemc.quebec\/santemc\/icentre\/wp-content\/uploads\/2015\/10\/Quais_int-300x194.jpg\" alt=\"Quais_int\" width=\"300\" height=\"194\" srcset=\"https:\/\/santemc.quebec\/santemc\/icentre\/wp-content\/uploads\/2015\/10\/Quais_int-300x194.jpg 300w, https:\/\/santemc.quebec\/santemc\/icentre\/wp-content\/uploads\/2015\/10\/Quais_int-1024x662.jpg 1024w, https:\/\/santemc.quebec\/santemc\/icentre\/wp-content\/uploads\/2015\/10\/Quais_int-464x300.jpg 464w, https:\/\/santemc.quebec\/santemc\/icentre\/wp-content\/uploads\/2015\/10\/Quais_int.jpg 1200w\" sizes=\"(max-width: 300px) 100vw, 300px\" \/><\/a><\/p>\n<p><em>Photo ci-dessus : Vue\u00a0de l&rsquo;int\u00e9rieur\u00a0d&rsquo;une partie des d\u00e9barcad\u00e8res.<\/em><\/p>\n","protected":false},"excerpt":{"rendered":"<p>L\u2019H\u00f4pital Charles-Le Moyne franchissait\u00a0hier un autre pas vers l\u2019inauguration de sa nouvelle urgence avec l\u2019ouverture de son nouveau quai propre. Photo en une : Vue de l&rsquo;ext\u00e9rieur des nouveaux quais am\u00e9nag\u00e9s sous les futures aires d\u2019observation de l\u2019urgence.<\/p>\n","protected":false},"author":2,"featured_media":0,"comment_status":"open","ping_status":"closed","sticky":false,"template":"","format":"standard","meta":{"footnotes":""},"categories":[1],"tags":[],"_links":{"self":[{"href":"https:\/\/santemc.quebec\/icentre\/wp-json\/wp\/v2\/posts\/902"}],"collection":[{"href":"https:\/\/santemc.quebec\/icentre\/wp-json\/wp\/v2\/posts"}],"about":[{"href":"https:\/\/santemc.quebec\/icentre\/wp-json\/wp\/v2\/types\/post"}],"author":[{"embeddable":true,"href":"https:\/\/santemc.quebec\/icentre\/wp-json\/wp\/v2\/users\/2"}],"replies":[{"embeddable":true,"href":"https:\/\/santemc.quebec\/icentre\/wp-json\/wp\/v2\/comments?post=902"}],"version-history":[{"count":6,"href":"https:\/\/santemc.quebec\/icentre\/wp-json\/wp\/v2\/posts\/902\/revisions"}],"predecessor-version":[{"id":910,"href":"https:\/\/santemc.quebec\/icentre\/wp-json\/wp\/v2\/posts\/902\/revisions\/910"}],"wp:attachment":[{"href":"https:\/\/santemc.quebec\/icentre\/wp-json\/wp\/v2\/media?parent=902"}],"wp:term":[{"taxonomy":"category","embeddable":true,"href":"https:\/\/santemc.quebec\/icentre\/wp-json\/wp\/v2\/categories?post=902"},{"taxonomy":"post_tag","embeddable":true,"href":"https:\/\/santemc.quebec\/icentre\/wp-json\/wp\/v2\/tags?post=902"}],"curies":[{"name":"wp","href":"https:\/\/api.w.org\/{rel}","templated":true}]}}