{"id":9030,"date":"2018-12-03T13:49:09","date_gmt":"2018-12-03T18:49:09","guid":{"rendered":"http:\/\/santemc.quebec\/icentre\/?p=9030"},"modified":"2018-12-03T13:49:28","modified_gmt":"2018-12-03T18:49:28","slug":"12-jours-daction-contre-les-violences-faites-aux-femmes-plus-de-1500-rubans-blancs-remis-dans-les-hopitaux-du-cisss","status":"publish","type":"post","link":"https:\/\/santemc.quebec\/icentre\/12-jours-daction-contre-les-violences-faites-aux-femmes-plus-de-1500-rubans-blancs-remis-dans-les-hopitaux-du-cisss\/","title":{"rendered":"12 jours d\u2019action contre les violences faites aux femmes : plus de 1500 rubans blancs remis dans les h\u00f4pitaux du CISSS!"},"content":{"rendered":"<div id=\"attachment_9031\" style=\"width: 310px\" class=\"wp-caption alignleft\"><a href=\"http:\/\/santemc.quebec\/santemc\/icentre\/wp-content\/uploads\/2018\/12\/12jours_action_violences_femmes.jpg\"><img aria-describedby=\"caption-attachment-9031\" decoding=\"async\" loading=\"lazy\" class=\"wp-image-9031 size-medium\" src=\"http:\/\/santemc.quebec\/santemc\/icentre\/wp-content\/uploads\/2018\/12\/12jours_action_violences_femmes-300x168.jpg\" alt=\"\" width=\"300\" height=\"168\" srcset=\"https:\/\/santemc.quebec\/santemc\/icentre\/wp-content\/uploads\/2018\/12\/12jours_action_violences_femmes-300x168.jpg 300w, https:\/\/santemc.quebec\/santemc\/icentre\/wp-content\/uploads\/2018\/12\/12jours_action_violences_femmes-768x431.jpg 768w, https:\/\/santemc.quebec\/santemc\/icentre\/wp-content\/uploads\/2018\/12\/12jours_action_violences_femmes-1024x574.jpg 1024w, https:\/\/santemc.quebec\/santemc\/icentre\/wp-content\/uploads\/2018\/12\/12jours_action_violences_femmes-500x280.jpg 500w, https:\/\/santemc.quebec\/santemc\/icentre\/wp-content\/uploads\/2018\/12\/12jours_action_violences_femmes.jpg 2048w\" sizes=\"(max-width: 300px) 100vw, 300px\" \/><\/a><p id=\"caption-attachment-9031\" class=\"wp-caption-text\">De gauche \u00e0 droite : St\u00e9phanie Richard, travailleuse sociale au CISSS; Rachel Fortin, intervenante au Pavillon Marguerite de Champlain; Claudine Despr\u00e9s, agente de police au Service de police de l\u2019agglom\u00e9ration de Longueuil (SPAL); Johanne Desgroseillers, intervenante du Centre COM&rsquo;femme; Deborah Pearson, directrice du Pavillon Marguerite de Champlain; Marie-Chantal Gauthier, infirmi\u00e8re au CISSS; Mich\u00e8le Ouimet, organisatrice communautaire au CISSS; Julie Lapointe, directrice adjointe programmes de sant\u00e9 mentale et d\u00e9pendance au CISSS; Camille Champoux Boisvert, stagiaire en travail social au CISSS; Louise Gendron, directrice adjointe au SPAL et Robert April, stagiaire en travail social au CISSS. Absentes de la photo : Katy Fortin, SPAL; Letticia Foadjo, stagiaire en travail social au CISSS; Tania Lafond, SPAL et Sandy Gagn\u00e9, SPAL.<\/p><\/div>\n<p>Les 28 et 29 novembre dernier avaient lieu les stands de sensibilisation et de pr\u00e9vention dans le cadre des 12 jours d\u2019action contre les violences faites aux femmes dans les h\u00f4pitaux du CISSS de la Mont\u00e9r\u00e9gie-Centre.<\/p>\n<p><!--more--><\/p>\n<p>En plus d\u2019informer les visiteurs \u00e0 propos de la cause et des actions prises par les organismes du territoire, ces activit\u00e9s ont \u00e9galement permis aux diff\u00e9rents intervenants de distribuer les rubans blancs, symbole de la lutte contre les violences faites aux femmes.<\/p>\n<p>Bravo aux intervenants qui font de ces activit\u00e9s un grand succ\u00e8s!<\/p>\n<div id=\"attachment_9032\" style=\"width: 310px\" class=\"wp-caption alignright\"><a href=\"http:\/\/santemc.quebec\/santemc\/icentre\/wp-content\/uploads\/2018\/12\/12jours_action_violences_HHR.png\"><img aria-describedby=\"caption-attachment-9032\" decoding=\"async\" loading=\"lazy\" class=\"wp-image-9032 size-medium\" src=\"http:\/\/santemc.quebec\/santemc\/icentre\/wp-content\/uploads\/2018\/12\/12jours_action_violences_HHR-300x225.png\" alt=\"\" width=\"300\" height=\"225\" srcset=\"https:\/\/santemc.quebec\/santemc\/icentre\/wp-content\/uploads\/2018\/12\/12jours_action_violences_HHR-300x225.png 300w, https:\/\/santemc.quebec\/santemc\/icentre\/wp-content\/uploads\/2018\/12\/12jours_action_violences_HHR-768x576.png 768w, https:\/\/santemc.quebec\/santemc\/icentre\/wp-content\/uploads\/2018\/12\/12jours_action_violences_HHR-1024x768.png 1024w, https:\/\/santemc.quebec\/santemc\/icentre\/wp-content\/uploads\/2018\/12\/12jours_action_violences_HHR-400x300.png 400w\" sizes=\"(max-width: 300px) 100vw, 300px\" \/><\/a><p id=\"caption-attachment-9032\" class=\"wp-caption-text\">De gauche \u00e0 droite : Michelle Gourgue, repr\u00e9sentante de la FIQ-SPSMC; Caroline Soulard, organisatrice communautaire au CISSS; Nancy Patry, intervenante de la Maison HINA; Isabelle Pelletier, intervenante de CIVAS L&rsquo;expression libre; J\u00e9r\u00e9mie Levesque, agent au Service de police de la Ville de St-Jean-sur-Richelieu; Jo\u00eblle Therrien, intervenante au Centre de femmes du Haut-Richelieu et Jade Laplante, intervenante de CIVAS L&rsquo;expression libre.<\/p><\/div>\n","protected":false},"excerpt":{"rendered":"<p>Les 28 et 29 novembre dernier avaient lieu les stands de sensibilisation et de pr\u00e9vention dans le cadre des 12 jours d\u2019action contre les violences faites aux femmes dans les h\u00f4pitaux du CISSS de la Mont\u00e9r\u00e9gie-Centre.<\/p>\n","protected":false},"author":9,"featured_media":0,"comment_status":"open","ping_status":"closed","sticky":false,"template":"","format":"standard","meta":{"footnotes":""},"categories":[1],"tags":[],"_links":{"self":[{"href":"https:\/\/santemc.quebec\/icentre\/wp-json\/wp\/v2\/posts\/9030"}],"collection":[{"href":"https:\/\/santemc.quebec\/icentre\/wp-json\/wp\/v2\/posts"}],"about":[{"href":"https:\/\/santemc.quebec\/icentre\/wp-json\/wp\/v2\/types\/post"}],"author":[{"embeddable":true,"href":"https:\/\/santemc.quebec\/icentre\/wp-json\/wp\/v2\/users\/9"}],"replies":[{"embeddable":true,"href":"https:\/\/santemc.quebec\/icentre\/wp-json\/wp\/v2\/comments?post=9030"}],"version-history":[{"count":2,"href":"https:\/\/santemc.quebec\/icentre\/wp-json\/wp\/v2\/posts\/9030\/revisions"}],"predecessor-version":[{"id":9034,"href":"https:\/\/santemc.quebec\/icentre\/wp-json\/wp\/v2\/posts\/9030\/revisions\/9034"}],"wp:attachment":[{"href":"https:\/\/santemc.quebec\/icentre\/wp-json\/wp\/v2\/media?parent=9030"}],"wp:term":[{"taxonomy":"category","embeddable":true,"href":"https:\/\/santemc.quebec\/icentre\/wp-json\/wp\/v2\/categories?post=9030"},{"taxonomy":"post_tag","embeddable":true,"href":"https:\/\/santemc.quebec\/icentre\/wp-json\/wp\/v2\/tags?post=9030"}],"curies":[{"name":"wp","href":"https:\/\/api.w.org\/{rel}","templated":true}]}}