{"id":9115,"date":"2018-12-07T12:58:07","date_gmt":"2018-12-07T17:58:07","guid":{"rendered":"http:\/\/santemc.quebec\/icentre\/?p=9115"},"modified":"2018-12-07T15:47:06","modified_gmt":"2018-12-07T20:47:06","slug":"bulletin-periscope-pres-dun-monteregien-sur-six-est-fortement-derange-par-le-bruit-copy-copy-copy-copy-copy-copy-copy-copy-copy-copy-copy-copy-copy-copy","status":"publish","type":"post","link":"https:\/\/santemc.quebec\/icentre\/bulletin-periscope-pres-dun-monteregien-sur-six-est-fortement-derange-par-le-bruit-copy-copy-copy-copy-copy-copy-copy-copy-copy-copy-copy-copy-copy-copy\/","title":{"rendered":"Bulletin P\u00e9riscope &#8211; Sant\u00e9 buccodentaire des adultes : peu de progr\u00e8s"},"content":{"rendered":"<p><img decoding=\"async\" loading=\"lazy\" class=\"aligncenter wp-image-2877 size-full\" src=\"http:\/\/santemc.quebec\/santemc\/icentre\/wp-content\/uploads\/2016\/09\/periscope.png\" alt=\"periscope\" width=\"789\" height=\"163\" srcset=\"https:\/\/santemc.quebec\/santemc\/icentre\/wp-content\/uploads\/2016\/09\/periscope.png 789w, https:\/\/santemc.quebec\/santemc\/icentre\/wp-content\/uploads\/2016\/09\/periscope-300x62.png 300w, https:\/\/santemc.quebec\/santemc\/icentre\/wp-content\/uploads\/2016\/09\/periscope-768x159.png 768w, https:\/\/santemc.quebec\/santemc\/icentre\/wp-content\/uploads\/2016\/09\/periscope-500x103.png 500w\" sizes=\"(max-width: 789px) 100vw, 789px\" \/><\/p>\n<p>Saviez-vous que chez les 15 ans et plus, un Mont\u00e9r\u00e9gien sur dix ne se per\u00e7oit pas en bonne sant\u00e9 buccodentaire? Malheureusement, cet aspect de la sant\u00e9 chez les adultes s\u2019am\u00e9liore peu, et les in\u00e9galit\u00e9s sociales de sant\u00e9 persistent.<\/p>\n<p><!--more--><\/p>\n<p>Pour en savoir davantage sur ce sujet, vous \u00eates invit\u00e9s \u00e0 consulter le <a href=\"http:\/\/extranet.santemonteregie.qc.ca\/depot\/document\/3927\/Periscope-Sante-dentaire-adulte-2018MB.pdf\" target=\"_blank\" rel=\"noopener\">num\u00e9ro de d\u00e9cembre<\/a> du bulletin P\u00e9riscope.<\/p>\n<p>&nbsp;<\/p>\n","protected":false},"excerpt":{"rendered":"<p>Saviez-vous que chez les 15 ans et plus, un Mont\u00e9r\u00e9gien sur dix ne se per\u00e7oit pas en bonne sant\u00e9 buccodentaire? Malheureusement, cet aspect de la sant\u00e9 chez les adultes s\u2019am\u00e9liore peu, et les in\u00e9galit\u00e9s sociales de sant\u00e9 persistent.<\/p>\n","protected":false},"author":1,"featured_media":0,"comment_status":"open","ping_status":"closed","sticky":false,"template":"","format":"standard","meta":{"footnotes":""},"categories":[1],"tags":[44],"_links":{"self":[{"href":"https:\/\/santemc.quebec\/icentre\/wp-json\/wp\/v2\/posts\/9115"}],"collection":[{"href":"https:\/\/santemc.quebec\/icentre\/wp-json\/wp\/v2\/posts"}],"about":[{"href":"https:\/\/santemc.quebec\/icentre\/wp-json\/wp\/v2\/types\/post"}],"author":[{"embeddable":true,"href":"https:\/\/santemc.quebec\/icentre\/wp-json\/wp\/v2\/users\/1"}],"replies":[{"embeddable":true,"href":"https:\/\/santemc.quebec\/icentre\/wp-json\/wp\/v2\/comments?post=9115"}],"version-history":[{"count":1,"href":"https:\/\/santemc.quebec\/icentre\/wp-json\/wp\/v2\/posts\/9115\/revisions"}],"predecessor-version":[{"id":9117,"href":"https:\/\/santemc.quebec\/icentre\/wp-json\/wp\/v2\/posts\/9115\/revisions\/9117"}],"wp:attachment":[{"href":"https:\/\/santemc.quebec\/icentre\/wp-json\/wp\/v2\/media?parent=9115"}],"wp:term":[{"taxonomy":"category","embeddable":true,"href":"https:\/\/santemc.quebec\/icentre\/wp-json\/wp\/v2\/categories?post=9115"},{"taxonomy":"post_tag","embeddable":true,"href":"https:\/\/santemc.quebec\/icentre\/wp-json\/wp\/v2\/tags?post=9115"}],"curies":[{"name":"wp","href":"https:\/\/api.w.org\/{rel}","templated":true}]}}