{"id":912,"date":"2015-10-20T09:35:51","date_gmt":"2015-10-20T13:35:51","guid":{"rendered":"http:\/\/santemc.quebec\/icentre\/?p=912"},"modified":"2015-10-20T15:43:33","modified_gmt":"2015-10-20T19:43:33","slug":"acces-adapte-les-resultats-de-recherche-de-mme-mylaine-breton-chercheure-au-centre-de-recherche-hopital-charles-le-moyne-publies-dans-le-medecin-du-quebec","status":"publish","type":"post","link":"https:\/\/santemc.quebec\/icentre\/acces-adapte-les-resultats-de-recherche-de-mme-mylaine-breton-chercheure-au-centre-de-recherche-hopital-charles-le-moyne-publies-dans-le-medecin-du-quebec\/","title":{"rendered":"Acc\u00e8s adapt\u00e9 : les r\u00e9sultats de recherche de Mme Mylaine Breton, chercheure au Centre de recherche \u2013 H\u00f4pital Charles-Le Moyne, publi\u00e9s dans Le M\u00e9decin du Qu\u00e9bec"},"content":{"rendered":"<div style=\"width: 247px\" class=\"wp-caption alignleft\"><img decoding=\"async\" loading=\"lazy\" src=\"http:\/\/crhclm.ca\/wp-content\/uploads\/2015\/10\/MylaineBreton03-2.jpg\" alt=\"\" width=\"237\" height=\"200\" \/><p class=\"wp-caption-text\">Mme Mylaine Breton<\/p><\/div>\n<p>La revue de la FMOQ \u00ab Le m\u00e9decin du Qu\u00e9bec \u00bb publie ce mois-ci un article sur les r\u00e9sultats d\u2019une \u00e9tude sur l\u2019implantation de l\u2019acc\u00e8s adapt\u00e9, r\u00e9alis\u00e9e par 3 chercheure dont Mylaine Breton, du Centre de recherche \u2013 H\u00f4pital Charles-Le Moyne.<\/p>\n<p>L\u2019objectif de cette \u00e9tude \u00e9tait de v\u00e9rifier comment s\u2019\u00e9tait faite la mise en \u0153uvre de l\u2019acc\u00e8s adapt\u00e9 chez les premiers m\u00e9decins l\u2019ayant adopt\u00e9 dans leur pratique.<!--more-->Au final, 15 des 21 m\u00e9decins rencontr\u00e9s dans cette recherche ont r\u00e9ussi \u00e0 implanter l\u2019acc\u00e8s adapt\u00e9 dans leur milieu. La plupart d\u2019entre eux ont indiqu\u00e9 ne plus avoir de liste d\u2019attente.<\/p>\n<p><strong>Qu&rsquo;est-ce que l&rsquo;acc\u00e8s adapt\u00e9?<\/strong><br \/>\nLorsqu\u2019il adopte une pratique en acc\u00e8s adapt\u00e9, le m\u00e9decin de famille s\u2019assure que ses patients pourront le consulter au moment opportun, quand ils seront malades et qu\u2019ils auront besoin de le voir. Ce mode de pratique implique d\u2019\u00e9quilibrer l\u2019offre et la demande de services, de r\u00e9duire les retards, de revoir le syst\u00e8me de rendez-vous, de dresser des plans de contingences et d\u2019int\u00e9grer la pratique multidisciplinaire avec la secr\u00e9taire m\u00e9dicale, l&rsquo;infirmi\u00e8re et les autres professionnels de la sant\u00e9. En g\u00e9n\u00e9ral, en acc\u00e8s adapt\u00e9, la majorit\u00e9 des rendez-vous sont donn\u00e9s dans un d\u00e9lai de moins de deux semaines.<\/p>\n<p>Pour consulter l\u2019article complet, cliquez sur le lien suivant : <a href=\"http:\/\/lemedecinduquebec.org\/archives\/2015\/10\/etude-sur-l-acces-adapte-une-solution-a-la-penurie-des-medecins-de-famille\/\" target=\"_blank\">\u00c9tude sur l\u2019acc\u00e8s adapt\u00e9 \u2013 Une solution \u00e0 la p\u00e9nurie des m\u00e9decins de famille?<\/a><\/p>\n<p>Visitez \u00e9galement le site du <a href=\"http:\/\/crhclm.ca\/\" target=\"_blank\">Centre de recherche \u2013 H\u00f4pital Charles-Le Moyne<\/a> pour en savoir plus sur leurs activit\u00e9s.<\/p>\n","protected":false},"excerpt":{"rendered":"<p>La revue de la FMOQ \u00ab Le m\u00e9decin du Qu\u00e9bec \u00bb publie ce mois-ci un article sur les r\u00e9sultats d\u2019une \u00e9tude sur l\u2019implantation de l\u2019acc\u00e8s adapt\u00e9, r\u00e9alis\u00e9e par 3 chercheure dont Mylaine Breton, du Centre de recherche \u2013 H\u00f4pital Charles-Le &hellip; <a href=\"https:\/\/santemc.quebec\/icentre\/acces-adapte-les-resultats-de-recherche-de-mme-mylaine-breton-chercheure-au-centre-de-recherche-hopital-charles-le-moyne-publies-dans-le-medecin-du-quebec\/\">Continuer la lecture <span class=\"meta-nav\">&rarr;<\/span><\/a><\/p>\n","protected":false},"author":1,"featured_media":0,"comment_status":"open","ping_status":"closed","sticky":false,"template":"","format":"standard","meta":{"footnotes":""},"categories":[1],"tags":[],"_links":{"self":[{"href":"https:\/\/santemc.quebec\/icentre\/wp-json\/wp\/v2\/posts\/912"}],"collection":[{"href":"https:\/\/santemc.quebec\/icentre\/wp-json\/wp\/v2\/posts"}],"about":[{"href":"https:\/\/santemc.quebec\/icentre\/wp-json\/wp\/v2\/types\/post"}],"author":[{"embeddable":true,"href":"https:\/\/santemc.quebec\/icentre\/wp-json\/wp\/v2\/users\/1"}],"replies":[{"embeddable":true,"href":"https:\/\/santemc.quebec\/icentre\/wp-json\/wp\/v2\/comments?post=912"}],"version-history":[{"count":4,"href":"https:\/\/santemc.quebec\/icentre\/wp-json\/wp\/v2\/posts\/912\/revisions"}],"predecessor-version":[{"id":916,"href":"https:\/\/santemc.quebec\/icentre\/wp-json\/wp\/v2\/posts\/912\/revisions\/916"}],"wp:attachment":[{"href":"https:\/\/santemc.quebec\/icentre\/wp-json\/wp\/v2\/media?parent=912"}],"wp:term":[{"taxonomy":"category","embeddable":true,"href":"https:\/\/santemc.quebec\/icentre\/wp-json\/wp\/v2\/categories?post=912"},{"taxonomy":"post_tag","embeddable":true,"href":"https:\/\/santemc.quebec\/icentre\/wp-json\/wp\/v2\/tags?post=912"}],"curies":[{"name":"wp","href":"https:\/\/api.w.org\/{rel}","templated":true}]}}