{"id":9139,"date":"2018-12-13T15:09:25","date_gmt":"2018-12-13T20:09:25","guid":{"rendered":"http:\/\/santemc.quebec\/icentre\/?p=9139"},"modified":"2018-12-13T15:32:56","modified_gmt":"2018-12-13T20:32:56","slug":"protocole-dintervention-conjointe-aupres-des-personnes-en-situation-de-detresse-psychologique-sur-le-territoire-du-haut-richelieu-rouville","status":"publish","type":"post","link":"https:\/\/santemc.quebec\/icentre\/protocole-dintervention-conjointe-aupres-des-personnes-en-situation-de-detresse-psychologique-sur-le-territoire-du-haut-richelieu-rouville\/","title":{"rendered":"Protocole d&rsquo;intervention conjointe aupr\u00e8s des personnes en situation de d\u00e9tresse psychologique sur le territoire du Haut-Richelieu\u2013Rouville"},"content":{"rendered":"<div id=\"attachment_9146\" style=\"width: 310px\" class=\"wp-caption alignleft\"><a href=\"http:\/\/santemc.quebec\/santemc\/icentre\/wp-content\/uploads\/2018\/12\/protcole_conjoint.jpg\"><img aria-describedby=\"caption-attachment-9146\" decoding=\"async\" loading=\"lazy\" class=\"wp-image-9146 size-medium\" src=\"http:\/\/santemc.quebec\/santemc\/icentre\/wp-content\/uploads\/2018\/12\/protcole_conjoint-300x225.jpg\" alt=\"\" width=\"300\" height=\"225\" srcset=\"https:\/\/santemc.quebec\/santemc\/icentre\/wp-content\/uploads\/2018\/12\/protcole_conjoint-300x225.jpg 300w, https:\/\/santemc.quebec\/santemc\/icentre\/wp-content\/uploads\/2018\/12\/protcole_conjoint-768x576.jpg 768w, https:\/\/santemc.quebec\/santemc\/icentre\/wp-content\/uploads\/2018\/12\/protcole_conjoint-1024x768.jpg 1024w, https:\/\/santemc.quebec\/santemc\/icentre\/wp-content\/uploads\/2018\/12\/protcole_conjoint-400x300.jpg 400w, https:\/\/santemc.quebec\/santemc\/icentre\/wp-content\/uploads\/2018\/12\/protcole_conjoint.jpg 1320w\" sizes=\"(max-width: 300px) 100vw, 300px\" \/><\/a><p id=\"caption-attachment-9146\" class=\"wp-caption-text\">De gauche \u00e0 droite :<br \/>Patrice Gauthier, capitaine SQ; Pascal Gauthier, sergent SQ; Myriam Lafond, directrice clinique CPSHRR; Benoit Geneau, directeur DPSMD CISSSMC et Ugo P\u00e9loquin, lieutenant SQ. (Danielle Chr\u00e9tien, directrice administrative CPSHRR-absente de la photo)<\/p><\/div>\n<p>Le programme d\u2019intervention conjointe aupr\u00e8s des personnes en situation de crise qui a \u00e9t\u00e9 d\u00e9ploy\u00e9 en <a href=\"https:\/\/santemc.quebec\/icentre\/?p=5397\" target=\"_blank\" rel=\"noopener\">septembre 2017<\/a> a obtenu un tel succ\u00e8s qu\u2019un nouveau protocole impliquant maintenant la S\u00fbret\u00e9 du Qu\u00e9bec de la MRC Haut-Richelieu sera mis en \u0153uvre d\u00e8s janvier 2019. La collaboration entre le Centre de crise et de pr\u00e9vention du suicide du Haut-Richelieu, la S\u00fbret\u00e9 du Qu\u00e9bec et le CISSS de la Mont\u00e9r\u00e9gie-Centre permettra d\u00e9sormais d\u2019offrir \u00e0 la population de tout le territoire du Haut-Richelieu<strong>\u2013<\/strong>Rouville un service d\u2019intervention conjointe aux personnes en situation de d\u00e9tresse psychologique.<\/p>\n<p><!--more--><\/p>\n<p>Ce nouveau service donnera maintenant aux policiers de la S\u00fbret\u00e9 du Qu\u00e9bec de la MRC Haut-Richelieu acc\u00e8s \u00e0 un intervenant du centre de crise lorsqu\u2019ils seront en pr\u00e9sence d\u2019une personne dont l\u2019\u00e9tat mental repr\u00e9sente un danger pour elle-m\u00eame ou pour autrui. Le r\u00f4le de l\u2019intervenant du service d\u2019aide en situation de crise sera alors d\u2019estimer la dangerosit\u00e9 et l\u2019\u00e9tat mental de la personne et de proposer aux policiers les actions \u00e0 privil\u00e9gier. L\u2019intervenant pourra \u00e9galement intervenir aupr\u00e8s de la personne en d\u00e9tresse.<\/p>\n<p>Pour sa part, le CISSS de la Mont\u00e9r\u00e9gie-Centre a la responsabilit\u00e9 de veiller \u00e0 la disponibilit\u00e9 d&rsquo;un service d&rsquo;intervention 24 heures sur 24\u00a0afin d\u2019assurer le support requis aux policiers lorsqu&rsquo;ils se trouvent en pr\u00e9sence de personnes en crise. C&rsquo;est dans cette perspective que la Direction du programme sant\u00e9 mentale et d\u00e9pendance du\u00a0CISSSMC a mobilis\u00e9 des partenaires essentiels \u00e0 la r\u00e9alisation de ce projet et a coordonn\u00e9 la mise en place de ce protocole.<\/p>\n<p>En assurant une intervention pr\u00e9coce, la personne pourra ainsi b\u00e9n\u00e9ficier d\u2019un service adapt\u00e9 en \u00e9vitant bien souvent le recours \u00e0 l\u2019application de la <em>Loi sur la protection des personnes dont l\u2019\u00e9tat mental pr\u00e9sente un danger pour elles-m\u00eames ou pour autrui<\/em> <a href=\"http:\/\/legisquebec.gouv.qc.ca\/fr\/ShowDoc\/cs\/P-38.001\" target=\"_blank\" rel=\"noopener\">(L.R.Q., P-38.001).<\/a><\/p>\n<p>F\u00e9licitations \u00e0 tous ceux et celles qui ont particip\u00e9 \u00e0 la r\u00e9alisation de l\u2019expansion et le d\u00e9ploiement de ce projet.<\/p>\n","protected":false},"excerpt":{"rendered":"<p>Le programme d\u2019intervention conjointe aupr\u00e8s des personnes en situation de crise qui a \u00e9t\u00e9 d\u00e9ploy\u00e9 en septembre 2017 a obtenu un tel succ\u00e8s qu\u2019un nouveau protocole impliquant maintenant la S\u00fbret\u00e9 du Qu\u00e9bec de la MRC Haut-Richelieu sera mis en \u0153uvre &hellip; <a href=\"https:\/\/santemc.quebec\/icentre\/protocole-dintervention-conjointe-aupres-des-personnes-en-situation-de-detresse-psychologique-sur-le-territoire-du-haut-richelieu-rouville\/\">Continuer la lecture <span class=\"meta-nav\">&rarr;<\/span><\/a><\/p>\n","protected":false},"author":9,"featured_media":0,"comment_status":"open","ping_status":"closed","sticky":false,"template":"","format":"standard","meta":{"footnotes":""},"categories":[1],"tags":[],"_links":{"self":[{"href":"https:\/\/santemc.quebec\/icentre\/wp-json\/wp\/v2\/posts\/9139"}],"collection":[{"href":"https:\/\/santemc.quebec\/icentre\/wp-json\/wp\/v2\/posts"}],"about":[{"href":"https:\/\/santemc.quebec\/icentre\/wp-json\/wp\/v2\/types\/post"}],"author":[{"embeddable":true,"href":"https:\/\/santemc.quebec\/icentre\/wp-json\/wp\/v2\/users\/9"}],"replies":[{"embeddable":true,"href":"https:\/\/santemc.quebec\/icentre\/wp-json\/wp\/v2\/comments?post=9139"}],"version-history":[{"count":3,"href":"https:\/\/santemc.quebec\/icentre\/wp-json\/wp\/v2\/posts\/9139\/revisions"}],"predecessor-version":[{"id":9148,"href":"https:\/\/santemc.quebec\/icentre\/wp-json\/wp\/v2\/posts\/9139\/revisions\/9148"}],"wp:attachment":[{"href":"https:\/\/santemc.quebec\/icentre\/wp-json\/wp\/v2\/media?parent=9139"}],"wp:term":[{"taxonomy":"category","embeddable":true,"href":"https:\/\/santemc.quebec\/icentre\/wp-json\/wp\/v2\/categories?post=9139"},{"taxonomy":"post_tag","embeddable":true,"href":"https:\/\/santemc.quebec\/icentre\/wp-json\/wp\/v2\/tags?post=9139"}],"curies":[{"name":"wp","href":"https:\/\/api.w.org\/{rel}","templated":true}]}}