{"id":917,"date":"2015-10-19T08:55:10","date_gmt":"2015-10-19T12:55:10","guid":{"rendered":"http:\/\/santemc.quebec\/icentre\/?p=917"},"modified":"2015-10-19T09:55:54","modified_gmt":"2015-10-19T13:55:54","slug":"les-dernieres-nominations-de-cadres-intermediaires-au-cisss-de-la-monteregie-centre-4","status":"publish","type":"post","link":"https:\/\/santemc.quebec\/icentre\/les-dernieres-nominations-de-cadres-intermediaires-au-cisss-de-la-monteregie-centre-4\/","title":{"rendered":"Les derni\u00e8res nominations de cadres interm\u00e9diaires au CISSS de la Mont\u00e9r\u00e9gie-Centre"},"content":{"rendered":"<p>Voici les plus r\u00e9centes nominations :\u00a0<!--more--><span id=\"more-763\"><\/span><\/p>\n<p><strong>Direction\u00a0des\u00a0ressources financi\u00e8res<\/strong><\/p>\n<table>\n<tbody>\n<tr>\n<td width=\"60%\">Coordonnatrice r\u00e9gionale de la paie des \u00e9tablissements de la Mont\u00e9r\u00e9gie<\/td>\n<td>Ginette D\u00e9ry<\/td>\n<\/tr>\n<tr>\n<td width=\"60%\">Conseiller en gestion budg\u00e9taire et performance financi\u00e8re<\/td>\n<td>Vincent Desjardins<\/td>\n<\/tr>\n<\/tbody>\n<\/table>\n<p>&nbsp;<\/p>\n","protected":false},"excerpt":{"rendered":"<p>Voici les plus r\u00e9centes nominations :\u00a0<\/p>\n","protected":false},"author":1,"featured_media":0,"comment_status":"open","ping_status":"closed","sticky":false,"template":"","format":"standard","meta":{"footnotes":""},"categories":[1],"tags":[8],"_links":{"self":[{"href":"https:\/\/santemc.quebec\/icentre\/wp-json\/wp\/v2\/posts\/917"}],"collection":[{"href":"https:\/\/santemc.quebec\/icentre\/wp-json\/wp\/v2\/posts"}],"about":[{"href":"https:\/\/santemc.quebec\/icentre\/wp-json\/wp\/v2\/types\/post"}],"author":[{"embeddable":true,"href":"https:\/\/santemc.quebec\/icentre\/wp-json\/wp\/v2\/users\/1"}],"replies":[{"embeddable":true,"href":"https:\/\/santemc.quebec\/icentre\/wp-json\/wp\/v2\/comments?post=917"}],"version-history":[{"count":1,"href":"https:\/\/santemc.quebec\/icentre\/wp-json\/wp\/v2\/posts\/917\/revisions"}],"predecessor-version":[{"id":918,"href":"https:\/\/santemc.quebec\/icentre\/wp-json\/wp\/v2\/posts\/917\/revisions\/918"}],"wp:attachment":[{"href":"https:\/\/santemc.quebec\/icentre\/wp-json\/wp\/v2\/media?parent=917"}],"wp:term":[{"taxonomy":"category","embeddable":true,"href":"https:\/\/santemc.quebec\/icentre\/wp-json\/wp\/v2\/categories?post=917"},{"taxonomy":"post_tag","embeddable":true,"href":"https:\/\/santemc.quebec\/icentre\/wp-json\/wp\/v2\/tags?post=917"}],"curies":[{"name":"wp","href":"https:\/\/api.w.org\/{rel}","templated":true}]}}