{"id":926,"date":"2015-11-05T11:32:35","date_gmt":"2015-11-05T16:32:35","guid":{"rendered":"http:\/\/santemc.quebec\/icentre\/?p=926"},"modified":"2015-11-05T15:27:29","modified_gmt":"2015-11-05T20:27:29","slug":"926","status":"publish","type":"post","link":"https:\/\/santemc.quebec\/icentre\/926\/","title":{"rendered":"L\u2019agrandissement majeur de l\u2019H\u00f4pital du Haut-Richelieu :  l\u2019\u00e9tat d\u2019avancement des travaux en photos"},"content":{"rendered":"<p><a href=\"http:\/\/santemc.quebec\/santemc\/icentre\/wp-content\/uploads\/2015\/11\/hrr.jpg\"><img decoding=\"async\" loading=\"lazy\" class=\"alignleft wp-image-1087 size-medium\" src=\"http:\/\/santemc.quebec\/santemc\/icentre\/wp-content\/uploads\/2015\/11\/hrr-300x185.jpg\" alt=\"hrr\" width=\"200\" height=\"123\" srcset=\"https:\/\/santemc.quebec\/santemc\/icentre\/wp-content\/uploads\/2015\/11\/hrr-300x185.jpg 300w, https:\/\/santemc.quebec\/santemc\/icentre\/wp-content\/uploads\/2015\/11\/hrr-486x300.jpg 486w, https:\/\/santemc.quebec\/santemc\/icentre\/wp-content\/uploads\/2015\/11\/hrr.jpg 796w\" sizes=\"(max-width: 200px) 100vw, 200px\" \/><\/a>Le chantier de l\u2019agrandissement majeur de l\u2019H\u00f4pital du Haut-Richelieu progresse selon l\u2019\u00e9ch\u00e9ancier alors que la nouvelle aile se peaufine un peu plus chaque jour. Autant \u00e0 l\u2019int\u00e9rieur qu\u2019\u00e0 l\u2019ext\u00e9rieur, de nombreux corps de m\u00e9tier se relaient pour construire la nouvelle aile et les ajustements n\u00e9cessaires pour la relier au b\u00e2timent existant.<!--more--><\/p>\n<p>Afin de vous donner un aper\u00e7u de l\u2019\u00e9volution des travaux cet automne, l\u2019\u00e9quipe du projet majeur a cr\u00e9\u00e9 une pr\u00e9sentation PowerPoint rassemblant plusieurs photos du chantier.<\/p>\n<p><em>Utilisez les fl\u00e8ches pour passer d&rsquo;une\u00a0diapositive \u00e0 l&rsquo;autre.<\/em><\/p>\n<p style=\"text-align: center;\">\n<object classid=\"clsid:d27cdb6e-ae6d-11cf-96b8-444553540000\" codebase=\"http:\/\/fpdownload.macromedia.com\/pub\/shockwave\/cabs\/flash\/swflash.cab#version=9,0,28,0\" width=\"584\" height=\"488\" id=\"onlinePlayer1331057\"><param name=\"movie\" value=\"\/\/www.slideboom.com\/player\/player.swf?id_resource=1331057\" \/><param name=\"allowScriptAccess\" value=\"always\" \/><param name=\"quality\" value=\"high\" \/><param name=\"bgcolor\" value=\"#ffffff\" \/><param name=\"allowFullScreen\" value=\"true\" \/><param name=\"flashVars\" value=\"\" \/><embed src=\"\/\/www.slideboom.com\/player\/player.swf?id_resource=1331057\" width=\"584\" height=\"488\" name=\"onlinePlayer1331057\" type=\"application\/x-shockwave-flash\" pluginspage=\"http:\/\/www.macromedia.com\/go\/getflashplayer\"allowScriptAccess=\"always\" quality=\"high\" bgcolor=\"#ffffff\" allowFullScreen=\"true\" flashVars=\"\" ><\/embed><\/object>\n<\/p>\n<p>Rappelons que l\u2019agrandissement augmentera de 43 % la superficie de l\u2019H\u00f4pital pour y accueillir des d\u00e9partements techniques tels que l\u2019urgence, le bloc op\u00e9ratoire, la chirurgie d\u2019un jour, les soins intensifs et les laboratoires.<\/p>\n","protected":false},"excerpt":{"rendered":"<p>Le chantier de l\u2019agrandissement majeur de l\u2019H\u00f4pital du Haut-Richelieu progresse selon l\u2019\u00e9ch\u00e9ancier alors que la nouvelle aile se peaufine un peu plus chaque jour. Autant \u00e0 l\u2019int\u00e9rieur qu\u2019\u00e0 l\u2019ext\u00e9rieur, de nombreux corps de m\u00e9tier se relaient pour construire la nouvelle &hellip; <a href=\"https:\/\/santemc.quebec\/icentre\/926\/\">Continuer la lecture <span class=\"meta-nav\">&rarr;<\/span><\/a><\/p>\n","protected":false},"author":1,"featured_media":0,"comment_status":"open","ping_status":"closed","sticky":false,"template":"","format":"standard","meta":{"footnotes":""},"categories":[1],"tags":[18],"_links":{"self":[{"href":"https:\/\/santemc.quebec\/icentre\/wp-json\/wp\/v2\/posts\/926"}],"collection":[{"href":"https:\/\/santemc.quebec\/icentre\/wp-json\/wp\/v2\/posts"}],"about":[{"href":"https:\/\/santemc.quebec\/icentre\/wp-json\/wp\/v2\/types\/post"}],"author":[{"embeddable":true,"href":"https:\/\/santemc.quebec\/icentre\/wp-json\/wp\/v2\/users\/1"}],"replies":[{"embeddable":true,"href":"https:\/\/santemc.quebec\/icentre\/wp-json\/wp\/v2\/comments?post=926"}],"version-history":[{"count":9,"href":"https:\/\/santemc.quebec\/icentre\/wp-json\/wp\/v2\/posts\/926\/revisions"}],"predecessor-version":[{"id":1089,"href":"https:\/\/santemc.quebec\/icentre\/wp-json\/wp\/v2\/posts\/926\/revisions\/1089"}],"wp:attachment":[{"href":"https:\/\/santemc.quebec\/icentre\/wp-json\/wp\/v2\/media?parent=926"}],"wp:term":[{"taxonomy":"category","embeddable":true,"href":"https:\/\/santemc.quebec\/icentre\/wp-json\/wp\/v2\/categories?post=926"},{"taxonomy":"post_tag","embeddable":true,"href":"https:\/\/santemc.quebec\/icentre\/wp-json\/wp\/v2\/tags?post=926"}],"curies":[{"name":"wp","href":"https:\/\/api.w.org\/{rel}","templated":true}]}}