{"id":929,"date":"2015-10-21T09:31:09","date_gmt":"2015-10-21T13:31:09","guid":{"rendered":"http:\/\/santemc.quebec\/icentre\/?p=929"},"modified":"2015-10-21T09:32:46","modified_gmt":"2015-10-21T13:32:46","slug":"campagne-dentraide","status":"publish","type":"post","link":"https:\/\/santemc.quebec\/icentre\/campagne-dentraide\/","title":{"rendered":"Campagne d&rsquo;Entraide 2015 : J\u2019ai le don de changer le monde"},"content":{"rendered":"<p><img decoding=\"async\" loading=\"lazy\" class=\"alignleft\" src=\"http:\/\/lotoquebec.com\/cms\/corporatif\/blogue\/wp-content\/uploads\/2014\/02\/campagne-entraide-2013-114x114.jpg\" alt=\"\" width=\"114\" height=\"114\" \/>Bonjour,<\/p>\n<p>Le Centre int\u00e9gr\u00e9 de sant\u00e9 et de services sociaux de la Mont\u00e9r\u00e9gie-Centre vit sa toute premi\u00e8re campagne d\u2019Entraide. C\u2019est avec fiert\u00e9 que j\u2019ai accept\u00e9 le r\u00f4le de pr\u00e9sident de cette campagne.<!--more--><\/p>\n<p>Entraide vient en aide \u00e0 des personnes vivant des situations de vuln\u00e9rabilit\u00e9, et ce, tout au long de l\u2019ann\u00e9e. Le th\u00e8me de la campagne 2015 est\u00a0: <em>J\u2019ai le don de changer le monde<\/em>.<\/p>\n<p>Et c\u2019est vrai! Vos dons luttent contre la pauvret\u00e9 et l\u2019exclusion; appuient des organismes de notre milieu qui assurent la prestation de programmes et services en sant\u00e9. Vos dons changent le monde, changent la vie, et ce, pour la vie. Vous avez le pouvoir de faire une diff\u00e9rence. \u00c0 titre de pr\u00e9sident de la campagne Entraide pour notre organisation, je vous encourage \u00e0 prendre votre place dans cette cha\u00eene de solidarit\u00e9.<\/p>\n<p>La campagne d\u2019Entraide se d\u00e9roule au profit des 18 Centraide du Qu\u00e9bec, de Partenaire sant\u00e9-Qu\u00e9bec et ses 16 membres, ainsi que de la Croix-Rouge canadienne, Division du Qu\u00e9bec.<\/p>\n<p>Le formulaire de don que vous recevrez sous peu est con\u00e7u de fa\u00e7on \u00e0 vous permettre de d\u00e9terminer la r\u00e9gion du Qu\u00e9bec que vous d\u00e9sirez aider ou l\u2019organisme de programmes et services en sant\u00e9 que vous souhaitez favoriser. Le pouvoir est entre vos mains.<\/p>\n<p>Je vous remercie de votre g\u00e9n\u00e9rosit\u00e9.<\/p>\n<p>Dr Jean Rodrigue,<br \/>\ndirecteur de sant\u00e9 publique<\/p>\n","protected":false},"excerpt":{"rendered":"<p>Bonjour, Le Centre int\u00e9gr\u00e9 de sant\u00e9 et de services sociaux de la Mont\u00e9r\u00e9gie-Centre vit sa toute premi\u00e8re campagne d\u2019Entraide. C\u2019est avec fiert\u00e9 que j\u2019ai accept\u00e9 le r\u00f4le de pr\u00e9sident de cette campagne.<\/p>\n","protected":false},"author":1,"featured_media":0,"comment_status":"open","ping_status":"closed","sticky":false,"template":"","format":"standard","meta":{"footnotes":""},"categories":[1],"tags":[],"_links":{"self":[{"href":"https:\/\/santemc.quebec\/icentre\/wp-json\/wp\/v2\/posts\/929"}],"collection":[{"href":"https:\/\/santemc.quebec\/icentre\/wp-json\/wp\/v2\/posts"}],"about":[{"href":"https:\/\/santemc.quebec\/icentre\/wp-json\/wp\/v2\/types\/post"}],"author":[{"embeddable":true,"href":"https:\/\/santemc.quebec\/icentre\/wp-json\/wp\/v2\/users\/1"}],"replies":[{"embeddable":true,"href":"https:\/\/santemc.quebec\/icentre\/wp-json\/wp\/v2\/comments?post=929"}],"version-history":[{"count":4,"href":"https:\/\/santemc.quebec\/icentre\/wp-json\/wp\/v2\/posts\/929\/revisions"}],"predecessor-version":[{"id":933,"href":"https:\/\/santemc.quebec\/icentre\/wp-json\/wp\/v2\/posts\/929\/revisions\/933"}],"wp:attachment":[{"href":"https:\/\/santemc.quebec\/icentre\/wp-json\/wp\/v2\/media?parent=929"}],"wp:term":[{"taxonomy":"category","embeddable":true,"href":"https:\/\/santemc.quebec\/icentre\/wp-json\/wp\/v2\/categories?post=929"},{"taxonomy":"post_tag","embeddable":true,"href":"https:\/\/santemc.quebec\/icentre\/wp-json\/wp\/v2\/tags?post=929"}],"curies":[{"name":"wp","href":"https:\/\/api.w.org\/{rel}","templated":true}]}}