{"id":939,"date":"2015-10-23T11:04:37","date_gmt":"2015-10-23T15:04:37","guid":{"rendered":"http:\/\/santemc.quebec\/icentre\/?p=939"},"modified":"2015-11-03T09:15:59","modified_gmt":"2015-11-03T14:15:59","slug":"interim-prolonge-a-la-direction-de-sante-publique-de-la-monteregie","status":"publish","type":"post","link":"https:\/\/santemc.quebec\/icentre\/interim-prolonge-a-la-direction-de-sante-publique-de-la-monteregie\/","title":{"rendered":"Int\u00e9rim prolong\u00e9 \u00e0 la Direction de sant\u00e9 publique de la Mont\u00e9r\u00e9gie"},"content":{"rendered":"<p>Bonjour,<\/p>\n<p>C\u2019est avec plaisir que je vous annonce que le mandat du docteur Jean Rodrigue \u00e0 titre de directeur de sant\u00e9 publique par int\u00e9rim \u00e0 la Direction de sant\u00e9 publique de la Mont\u00e9r\u00e9gie au CISSS de la Mont\u00e9r\u00e9gie-Centre a \u00e9t\u00e9 prolong\u00e9 jusqu\u2019en septembre 2016. Docteur Rodrigue assume les fonctions de directeur de sant\u00e9 publique par int\u00e9rim depuis ao\u00fbt 2014.<!--more--><\/p>\n<p>Rappelons que la Direction de sant\u00e9 publique de la Mont\u00e9r\u00e9gie est responsable de l\u2019ensemble du territoire desservi par les trois CISSS de la r\u00e9gion.<\/p>\n<p>M\u00e9decin omnipraticien de formation, le docteur Rodrigue est aussi titulaire d\u2019une ma\u00eetrise en sant\u00e9 communautaire de l\u2019Universit\u00e9 de Montr\u00e9al. Apr\u00e8s avoir pratiqu\u00e9 la m\u00e9decine familiale pendant plusieurs ann\u00e9es, d\u2019abord en milieu rural, puis \u00e0 Montr\u00e9al, il a \u00e9t\u00e9 affect\u00e9 \u00e0 divers postes de gestion dans le r\u00e9seau de la sant\u00e9, notamment \u00e0 l\u2019Agence de la Mont\u00e9r\u00e9gie. Le docteur Rodrigue a \u00e9galement assum\u00e9 les fonctions de sous-ministre adjoint \u00e0 la Direction g\u00e9n\u00e9rale des services de sant\u00e9 et m\u00e9decine universitaire au Minist\u00e8re, de 2011 \u00e0 2013.<\/p>\n<p>Je remercie chaleureusement docteur Rodrigue d\u2019accepter de prolonger son mandat et lui souhaite la meilleure des chances dans l\u2019exercice de ses fonctions.<\/p>\n<p>Richard Deschamps,<br \/>\nPr\u00e9sident-directeur g\u00e9n\u00e9ral<\/p>\n","protected":false},"excerpt":{"rendered":"<p>Bonjour, C\u2019est avec plaisir que je vous annonce que le mandat du docteur Jean Rodrigue \u00e0 titre de directeur de sant\u00e9 publique par int\u00e9rim \u00e0 la Direction de sant\u00e9 publique de la Mont\u00e9r\u00e9gie au CISSS de la Mont\u00e9r\u00e9gie-Centre a \u00e9t\u00e9 &hellip; <a href=\"https:\/\/santemc.quebec\/icentre\/interim-prolonge-a-la-direction-de-sante-publique-de-la-monteregie\/\">Continuer la lecture <span class=\"meta-nav\">&rarr;<\/span><\/a><\/p>\n","protected":false},"author":1,"featured_media":0,"comment_status":"open","ping_status":"closed","sticky":false,"template":"","format":"standard","meta":{"footnotes":""},"categories":[2,1],"tags":[8],"_links":{"self":[{"href":"https:\/\/santemc.quebec\/icentre\/wp-json\/wp\/v2\/posts\/939"}],"collection":[{"href":"https:\/\/santemc.quebec\/icentre\/wp-json\/wp\/v2\/posts"}],"about":[{"href":"https:\/\/santemc.quebec\/icentre\/wp-json\/wp\/v2\/types\/post"}],"author":[{"embeddable":true,"href":"https:\/\/santemc.quebec\/icentre\/wp-json\/wp\/v2\/users\/1"}],"replies":[{"embeddable":true,"href":"https:\/\/santemc.quebec\/icentre\/wp-json\/wp\/v2\/comments?post=939"}],"version-history":[{"count":3,"href":"https:\/\/santemc.quebec\/icentre\/wp-json\/wp\/v2\/posts\/939\/revisions"}],"predecessor-version":[{"id":942,"href":"https:\/\/santemc.quebec\/icentre\/wp-json\/wp\/v2\/posts\/939\/revisions\/942"}],"wp:attachment":[{"href":"https:\/\/santemc.quebec\/icentre\/wp-json\/wp\/v2\/media?parent=939"}],"wp:term":[{"taxonomy":"category","embeddable":true,"href":"https:\/\/santemc.quebec\/icentre\/wp-json\/wp\/v2\/categories?post=939"},{"taxonomy":"post_tag","embeddable":true,"href":"https:\/\/santemc.quebec\/icentre\/wp-json\/wp\/v2\/tags?post=939"}],"curies":[{"name":"wp","href":"https:\/\/api.w.org\/{rel}","templated":true}]}}