{"id":944,"date":"2015-10-26T15:53:35","date_gmt":"2015-10-26T19:53:35","guid":{"rendered":"http:\/\/santemc.quebec\/icentre\/?p=944"},"modified":"2015-10-28T13:28:51","modified_gmt":"2015-10-28T17:28:51","slug":"une-solution-branchee","status":"publish","type":"post","link":"https:\/\/santemc.quebec\/icentre\/une-solution-branchee\/","title":{"rendered":"Une solution branch\u00e9e !"},"content":{"rendered":"<p>Natja Boulianne et Denise Tr\u00e9panier du Programme enfance-jeunesse de l\u2019Institut Nazareth et Louis-Braille ont mis sur pied le projet Solution branch\u00e9e afin de d\u00e9montrer que la collaboration multidisciplinaire entre les partenaires des milieux scolaires et de la r\u00e9adaptation permet d\u2019optimiser le potentiel des jeunes qui ont une d\u00e9ficience visuelle associ\u00e9e \u00e0 d\u2019autres d\u00e9ficiences.<!--more--><\/p>\n<p>Solution branch\u00e9e consiste en une vid\u00e9o et des fiches d\u2019informations disponibles sur le site Web de l\u2019INLB qui d\u00e9montrent comment les sp\u00e9cialistes en r\u00e9adaptation en d\u00e9ficience visuelle (SRDV) travaillent de concert avec les partenaires afin de d\u00e9velopper les strat\u00e9gies compensatoires et les adaptations permettant aux jeunes d\u2019avoir un meilleur acc\u00e8s au mat\u00e9riel consid\u00e9rant leur d\u00e9ficience visuelle.<\/p>\n<p>Pour visionner la vid\u00e9o et consulter les fiches, allez sur le site Web de l\u2019INLB \u00e0 cette adresse : <a href=\"http:\/\/www.inlb.qc.ca\/professionnels-recherche\/formation-et-sensibilisation\/solution-branchee\">www.inlb.qc.ca\/professionnels-recherche\/formation-et-sensibilisation\/solution-branchee<\/a><\/p>\n","protected":false},"excerpt":{"rendered":"<p>Natja Boulianne et Denise Tr\u00e9panier du Programme enfance-jeunesse de l\u2019Institut Nazareth et Louis-Braille ont mis sur pied le projet Solution branch\u00e9e afin de d\u00e9montrer que la collaboration multidisciplinaire entre les partenaires des milieux scolaires et de la r\u00e9adaptation permet d\u2019optimiser &hellip; <a href=\"https:\/\/santemc.quebec\/icentre\/une-solution-branchee\/\">Continuer la lecture <span class=\"meta-nav\">&rarr;<\/span><\/a><\/p>\n","protected":false},"author":1,"featured_media":0,"comment_status":"open","ping_status":"closed","sticky":false,"template":"","format":"standard","meta":{"footnotes":""},"categories":[1],"tags":[],"_links":{"self":[{"href":"https:\/\/santemc.quebec\/icentre\/wp-json\/wp\/v2\/posts\/944"}],"collection":[{"href":"https:\/\/santemc.quebec\/icentre\/wp-json\/wp\/v2\/posts"}],"about":[{"href":"https:\/\/santemc.quebec\/icentre\/wp-json\/wp\/v2\/types\/post"}],"author":[{"embeddable":true,"href":"https:\/\/santemc.quebec\/icentre\/wp-json\/wp\/v2\/users\/1"}],"replies":[{"embeddable":true,"href":"https:\/\/santemc.quebec\/icentre\/wp-json\/wp\/v2\/comments?post=944"}],"version-history":[{"count":3,"href":"https:\/\/santemc.quebec\/icentre\/wp-json\/wp\/v2\/posts\/944\/revisions"}],"predecessor-version":[{"id":948,"href":"https:\/\/santemc.quebec\/icentre\/wp-json\/wp\/v2\/posts\/944\/revisions\/948"}],"wp:attachment":[{"href":"https:\/\/santemc.quebec\/icentre\/wp-json\/wp\/v2\/media?parent=944"}],"wp:term":[{"taxonomy":"category","embeddable":true,"href":"https:\/\/santemc.quebec\/icentre\/wp-json\/wp\/v2\/categories?post=944"},{"taxonomy":"post_tag","embeddable":true,"href":"https:\/\/santemc.quebec\/icentre\/wp-json\/wp\/v2\/tags?post=944"}],"curies":[{"name":"wp","href":"https:\/\/api.w.org\/{rel}","templated":true}]}}