{"id":9537,"date":"2019-02-25T11:08:39","date_gmt":"2019-02-25T16:08:39","guid":{"rendered":"http:\/\/santemc.quebec\/icentre\/?p=9537"},"modified":"2019-02-25T11:57:20","modified_gmt":"2019-02-25T16:57:20","slug":"flash-ca-les-nouvelles-de-la-seance-du-conseil-dadministration-du-2-fevrier-2017-copy-copy-copy-copy-copy-copy-copy-copy-copy","status":"publish","type":"post","link":"https:\/\/santemc.quebec\/icentre\/flash-ca-les-nouvelles-de-la-seance-du-conseil-dadministration-du-2-fevrier-2017-copy-copy-copy-copy-copy-copy-copy-copy-copy\/","title":{"rendered":"Flash CA \u2013 Les nouvelles de la s\u00e9ance du conseil d\u2019administration du 24 janvier 2019"},"content":{"rendered":"<p><strong><img decoding=\"async\" loading=\"lazy\" class=\"alignleft wp-image-1416 size-thumbnail\" src=\"http:\/\/santemc.quebec\/santemc\/icentre\/wp-content\/uploads\/2015\/12\/flashcaicentre-150x150.jpg\" alt=\"flashcaicentre\" width=\"150\" height=\"150\" srcset=\"https:\/\/santemc.quebec\/santemc\/icentre\/wp-content\/uploads\/2015\/12\/flashcaicentre-150x150.jpg 150w, https:\/\/santemc.quebec\/santemc\/icentre\/wp-content\/uploads\/2015\/12\/flashcaicentre-300x300.jpg 300w, https:\/\/santemc.quebec\/santemc\/icentre\/wp-content\/uploads\/2015\/12\/flashcaicentre.jpg 400w\" sizes=\"(max-width: 150px) 100vw, 150px\" \/><\/strong>Le Flash CA revient sur les points d&rsquo;information et les grands dossiers organisationnels qui sont discut\u00e9s aux s\u00e9ances publiques du conseil d\u2019administration du CISSS de la Mont\u00e9r\u00e9gie-Centre.<\/p>\n<p>Consultez aussi la\u00a0<a href=\"http:\/\/santemc.quebec\/santemc\/icentre\/wp-content\/uploads\/2019\/02\/flash_CA_24janv2019.pdf\" target=\"_blank\" rel=\"noopener\">version PDF du Flash CA<\/a>.<\/p>\n<p><!--more--><\/p>\n<p><span style=\"color: #ff6600;\"><strong>AFFAIRES FINANCI\u00c8RES ET IMMOBILI\u00c8RES<br \/>\n<\/strong><\/span><strong>Sommaire des r\u00e9sultats financiers 2018-2019 &#8211; cumulatif p\u00e9riode 9, termin\u00e9e le<br \/>\n8 d\u00e9cembre 2018<br \/>\n<\/strong>Les r\u00e9sultats financiers 2018-2019 cumulatifs au 8 d\u00e9cembre 2018 pr\u00e9sentent un surplus de 1,1 M$, soit un \u00e9cart favorable de 0,15 % du budget cumulatif. En date de la pr\u00e9sente p\u00e9riode, un surplus de 1,6 M$ est projet\u00e9 au 31 mars 2019, et ce, incluant le d\u00e9ficit r\u00e9gional du projet\u00a0 Optilab \u00e9valu\u00e9 \u00e0 2,9\u00a0M$.<\/p>\n<p><strong>Plan de conservation et de fonctionnalit\u00e9 immobili\u00e8res du triennat 2019-2022<br \/>\n<\/strong>D\u00e9but janvier 2019, des montants pr\u00e9liminaires ont \u00e9t\u00e9 annonc\u00e9s par le MSSS pour les trois prochaines ann\u00e9es au Plan de conservation et de fonctionnalit\u00e9 immobili\u00e8res.\u00a0 Sur la base de ces donn\u00e9es, le conseil d\u2019administration a approuv\u00e9 les divers projets de r\u00e9fection, r\u00e9novation et autres activit\u00e9s de maintien des infrastructures immobili\u00e8res du CISSS de la Mont\u00e9r\u00e9gie-Centre et des \u00e9tablissements priv\u00e9s conventionn\u00e9s. La r\u00e9partition des allocations pr\u00e9liminaires et pr\u00e9visionnelles annonc\u00e9es est la suivante\u00a0:<\/p>\n<table>\n<tbody>\n<tr>\n<td><strong>Activit\u00e9s<\/strong><\/td>\n<td><strong>Pr\u00e9vision 2019-2020<\/strong><\/td>\n<td><strong>Pr\u00e9vision 2020-2021<\/strong><\/td>\n<td><strong>Pr\u00e9vision 2021-2022<\/strong><\/td>\n<\/tr>\n<tr>\n<td>Maintien des actifs immobiliers<\/td>\n<td>6 143 003 $<\/td>\n<td>6 143 003 $<\/td>\n<td>6 143 003 $<\/td>\n<\/tr>\n<tr>\n<td>R\u00e9sorption du d\u00e9ficit de maintien des actifs<\/td>\n<td>1 071 571 $<\/td>\n<td>0 $<\/td>\n<td>0 $<\/td>\n<\/tr>\n<\/tbody>\n<tbody>\n<tr>\n<td>R\u00e9novation fonctionnelle mineure autre qu&rsquo;en centre d&rsquo;h\u00e9bergement et de soins de longue dur\u00e9e (CHSLD)<\/td>\n<td>2 127 942 $<\/td>\n<td>2 127 942 $<\/td>\n<td>2 127 942 $<\/td>\n<\/tr>\n<\/tbody>\n<\/table>\n<p><span style=\"color: #ff6600;\"><strong>PERFORMANCE ET QUALIT\u00c9 DES SOINS ET SERVICES<br \/>\n<\/strong><\/span><strong>Signature de l\u2019addenda \u00e0 l\u2019Entente de gestion et d\u2019imputabilit\u00e9 (EGI) 2018-2019<br \/>\n<\/strong>Le conseil d\u2019administration a autoris\u00e9 le pr\u00e9sident-directeur g\u00e9n\u00e9ral \u00e0 signer l\u2019addenda \u00e0 l\u2019EGI 2018-2019, lequel d\u00e9termine la nouvelle cible pour l\u2019indicateur 1.03.05.01 Nombre total d&rsquo;heures de service de soutien \u00e0 domicile de longue dur\u00e9e rendues \u00e0 domicile par les diff\u00e9rents modes de dispensation de services (adultes des programmes-services SAPA, DP et DI-TSA). De plus, les indicateurs suivants sont retir\u00e9s :<\/p>\n<ul>\n<li>1.03.14 Nombre total d&rsquo;heures de service de soutien \u00e0 domicile longue dur\u00e9e rendues \u00e0 domicile par les diff\u00e9rents modes de dispensation de services aux personnes ayant un profil ISO-SMAF de 4 \u00e0 14.<\/li>\n<li>1.03.15 Nombre de personnes servies en soutien \u00e0 domicile de longue dur\u00e9e (adultes des programmes-services SAPA, DP et DI-TSA) ayant un profil ISO-SMAF de 4 \u00e0 14.<\/li>\n<\/ul>\n<p>Enfin, au chapitre des technologies de l\u2019information, une modification est apport\u00e9e \u00e0 l\u2019objectif portant sur le d\u00e9ploiement du Dossier clinique informatis\u00e9 (DCI) Cristal-Net.<\/p>\n<p><span style=\"color: #ff6600;\"><strong>NOMINATIONS<br \/>\n<\/strong><\/span>Le conseil d\u2019administration a proc\u00e9d\u00e9 :<\/p>\n<ul>\n<li>\u00e0 la nomination de Mme Brigitte Brabant \u00e0 titre de directrice des services multidisciplinaires;<\/li>\n<li>au renouvellement du contrat de Mme Christine Daniel, directrice g\u00e9n\u00e9rale adjointe \u2013soutien, administration et partenariats ;<\/li>\n<li>\u00e0 la reconduction du mandat de 2 membres au comit\u00e9 d\u2019\u00e9thique de la recherche.<\/li>\n<\/ul>\n<p><span style=\"color: #ff6600;\"><strong>AFFAIRES COURANTES<br \/>\n<\/strong><\/span><strong>Conseil des m\u00e9decins, dentistes et pharmaciens (CMDP)<br \/>\n<\/strong>Sur recommandation du comit\u00e9 ex\u00e9cutif du CMDP, le conseil a :<\/p>\n<ul>\n<li>octroy\u00e9 le statut et les privil\u00e8ges de pratique \u00e0 3 m\u00e9decins de famille, 8 m\u00e9decins sp\u00e9cialis\u00e9s et 4 pharmaciens;<\/li>\n<li>modifi\u00e9 le statut ou les privil\u00e8ges de 3 membres du CMDP;<\/li>\n<li>octroy\u00e9 un privil\u00e8ge d\u2019exercice de la recherche \u00e0 un m\u00e9decin;<\/li>\n<li>pris acte de 8 demandes de cong\u00e9 de service ainsi que des d\u00e9missions et d\u00e9parts \u00e0 la retraite de 15 autres membres du CMDP. <strong>\u00a0<\/strong><\/li>\n<\/ul>\n<p>Enfin, le rapport annuel 2017-2018 du CMDP a \u00e9t\u00e9 pr\u00e9sent\u00e9 au conseil d\u2019administration.<\/p>\n<p><strong>Calendrier des r\u00e9unions du conseil d\u2019administration<br \/>\n<\/strong>Les s\u00e9ances du conseil d\u2019administration se tiennent \u00e0 notre installation du 1255, rue Beauregard, \u00e0 Longueuil \u00e0 compter de 19 h. Le calendrier des r\u00e9unions a \u00e9t\u00e9 modifi\u00e9. Voici les dates des prochaines s\u00e9ances publiques :<\/p>\n<ul>\n<li>le jeudi 28 mars 2019;<\/li>\n<li>le jeudi 16 mai 2019;<\/li>\n<li>le mercredi 12 juin 2019.<\/li>\n<\/ul>\n","protected":false},"excerpt":{"rendered":"<p>Le Flash CA revient sur les points d&rsquo;information et les grands dossiers organisationnels qui sont discut\u00e9s aux s\u00e9ances publiques du conseil d\u2019administration du CISSS de la Mont\u00e9r\u00e9gie-Centre. Consultez aussi la\u00a0version PDF du Flash CA.<\/p>\n","protected":false},"author":1,"featured_media":0,"comment_status":"open","ping_status":"closed","sticky":false,"template":"","format":"standard","meta":{"footnotes":""},"categories":[49],"tags":[51],"_links":{"self":[{"href":"https:\/\/santemc.quebec\/icentre\/wp-json\/wp\/v2\/posts\/9537"}],"collection":[{"href":"https:\/\/santemc.quebec\/icentre\/wp-json\/wp\/v2\/posts"}],"about":[{"href":"https:\/\/santemc.quebec\/icentre\/wp-json\/wp\/v2\/types\/post"}],"author":[{"embeddable":true,"href":"https:\/\/santemc.quebec\/icentre\/wp-json\/wp\/v2\/users\/1"}],"replies":[{"embeddable":true,"href":"https:\/\/santemc.quebec\/icentre\/wp-json\/wp\/v2\/comments?post=9537"}],"version-history":[{"count":4,"href":"https:\/\/santemc.quebec\/icentre\/wp-json\/wp\/v2\/posts\/9537\/revisions"}],"predecessor-version":[{"id":9540,"href":"https:\/\/santemc.quebec\/icentre\/wp-json\/wp\/v2\/posts\/9537\/revisions\/9540"}],"wp:attachment":[{"href":"https:\/\/santemc.quebec\/icentre\/wp-json\/wp\/v2\/media?parent=9537"}],"wp:term":[{"taxonomy":"category","embeddable":true,"href":"https:\/\/santemc.quebec\/icentre\/wp-json\/wp\/v2\/categories?post=9537"},{"taxonomy":"post_tag","embeddable":true,"href":"https:\/\/santemc.quebec\/icentre\/wp-json\/wp\/v2\/tags?post=9537"}],"curies":[{"name":"wp","href":"https:\/\/api.w.org\/{rel}","templated":true}]}}