{"id":9547,"date":"2019-02-27T08:28:13","date_gmt":"2019-02-27T13:28:13","guid":{"rendered":"http:\/\/santemc.quebec\/icentre\/?p=9547"},"modified":"2019-02-27T08:29:26","modified_gmt":"2019-02-27T13:29:26","slug":"un-documentaire-de-lemission-deuxieme-chance-tourne-a-lhopital-charles-le-moyne","status":"publish","type":"post","link":"https:\/\/santemc.quebec\/icentre\/un-documentaire-de-lemission-deuxieme-chance-tourne-a-lhopital-charles-le-moyne\/","title":{"rendered":"Un documentaire de l\u2019\u00e9mission Deuxi\u00e8me chance tourn\u00e9 \u00e0 l\u2019H\u00f4pital Charles-Le Moyne"},"content":{"rendered":"<div id=\"x_x_x_x_x_x_divtagdefaultwrapper\" dir=\"ltr\">\n<p class=\"x_x_x_x_x_x_MsoNormal\">Le samedi 2 mars, les t\u00e9l\u00e9spectateurs qui suivent la s\u00e9rie documentaire\u00a0<i>Deuxi\u00e8me chance<\/i>\u00a0pourront d\u00e9couvrir une histoire touchante tourn\u00e9e en partie \u00e0 l\u2019H\u00f4pital Charles-Le Moyne.<\/p>\n<p><!--more--><\/p>\n<p class=\"x_x_x_x_x_x_MsoNormal\">Un patient hospitalis\u00e9 en oncologie en 2011 avait fait appel \u00e0 l\u2019\u00e9mission anim\u00e9e par Patrick Lagac\u00e9 et Marina Orsini pour retrouver une patiente qui l\u2019avait beaucoup inspir\u00e9 pendant sa lutte contre une leuc\u00e9mie. Il venait d\u2019\u00eatre hospitalis\u00e9 au 4<sup>e<\/sup>\u00a0Sud de l\u2019H\u00f4pital Charles-Le Moyne, alors que cette femme quittait le d\u00e9partement d\u2019oncologie apr\u00e8s avoir subi des traitements pour combattre le m\u00eame cancer lorsqu\u2019ils se sont crois\u00e9s.<\/p>\n<p class=\"x_x_x_x_x_x_MsoNormal\">Patrick Lagac\u00e9 et une \u00e9quipe de tournage sont venus sur les lieux de cette rencontre marquante. Le journaliste s\u2019est entretenu avec Anne Plante, conseill\u00e8re clinique en soins infirmiers, de l\u2019entraide entre patients, le th\u00e8me du documentaire inspir\u00e9 de cette rencontre.<\/p>\n<p class=\"x_x_x_x_x_x_MsoNormal\">L\u2019\u00e9mission\u00a0<i>Deuxi\u00e8me chance<\/i>\u00a0est diffus\u00e9e les samedis de 20 h \u00e0 21 h \u00e0 la t\u00e9l\u00e9 de Radio-Canada et disponible en rattrapage sur tou tv.<\/p>\n<\/div>\n<p><!--more--><\/p>\n<p><!--more--><\/p>\n<p><!--more--><\/p>\n","protected":false},"excerpt":{"rendered":"<p>Le samedi 2 mars, les t\u00e9l\u00e9spectateurs qui suivent la s\u00e9rie documentaire\u00a0Deuxi\u00e8me chance\u00a0pourront d\u00e9couvrir une histoire touchante tourn\u00e9e en partie \u00e0 l\u2019H\u00f4pital Charles-Le Moyne.<\/p>\n","protected":false},"author":9,"featured_media":0,"comment_status":"open","ping_status":"closed","sticky":false,"template":"","format":"standard","meta":{"footnotes":""},"categories":[1],"tags":[],"_links":{"self":[{"href":"https:\/\/santemc.quebec\/icentre\/wp-json\/wp\/v2\/posts\/9547"}],"collection":[{"href":"https:\/\/santemc.quebec\/icentre\/wp-json\/wp\/v2\/posts"}],"about":[{"href":"https:\/\/santemc.quebec\/icentre\/wp-json\/wp\/v2\/types\/post"}],"author":[{"embeddable":true,"href":"https:\/\/santemc.quebec\/icentre\/wp-json\/wp\/v2\/users\/9"}],"replies":[{"embeddable":true,"href":"https:\/\/santemc.quebec\/icentre\/wp-json\/wp\/v2\/comments?post=9547"}],"version-history":[{"count":4,"href":"https:\/\/santemc.quebec\/icentre\/wp-json\/wp\/v2\/posts\/9547\/revisions"}],"predecessor-version":[{"id":9551,"href":"https:\/\/santemc.quebec\/icentre\/wp-json\/wp\/v2\/posts\/9547\/revisions\/9551"}],"wp:attachment":[{"href":"https:\/\/santemc.quebec\/icentre\/wp-json\/wp\/v2\/media?parent=9547"}],"wp:term":[{"taxonomy":"category","embeddable":true,"href":"https:\/\/santemc.quebec\/icentre\/wp-json\/wp\/v2\/categories?post=9547"},{"taxonomy":"post_tag","embeddable":true,"href":"https:\/\/santemc.quebec\/icentre\/wp-json\/wp\/v2\/tags?post=9547"}],"curies":[{"name":"wp","href":"https:\/\/api.w.org\/{rel}","templated":true}]}}