{"id":962,"date":"2015-10-29T15:18:46","date_gmt":"2015-10-29T19:18:46","guid":{"rendered":"http:\/\/santemc.quebec\/icentre\/?p=962"},"modified":"2015-10-29T15:18:46","modified_gmt":"2015-10-29T19:18:46","slug":"deux-projets-novateurs-du-cisss-presentes-au-congres-quebecois-sur-la-maltraitance-envers-les-enfants-et-les-adolescents","status":"publish","type":"post","link":"https:\/\/santemc.quebec\/icentre\/deux-projets-novateurs-du-cisss-presentes-au-congres-quebecois-sur-la-maltraitance-envers-les-enfants-et-les-adolescents\/","title":{"rendered":"Deux projets novateurs du CISSS pr\u00e9sent\u00e9s au Congr\u00e8s qu\u00e9b\u00e9cois sur la maltraitance envers les enfants et les adolescents"},"content":{"rendered":"<p><img decoding=\"async\" loading=\"lazy\" class=\"alignleft wp-image-963 size-thumbnail\" src=\"http:\/\/santemc.quebec\/santemc\/icentre\/wp-content\/uploads\/2015\/10\/photo_conference-150x150.jpg\" alt=\"photo_conference\" width=\"150\" height=\"150\" \/>Le 7<sup>e<\/sup> Congr\u00e8s qu\u00e9b\u00e9cois sur la maltraitance envers les enfants et les adolescents tenu cette semaine \u00e0 Montr\u00e9al mettait en vedette des initiatives novatrices issues de l\u2019ensemble de la province, dont deux en provenance de notre territoire : le projet Lafl\u00e8che et le programme<em> Je tisse des liens gagnants<\/em>.<!--more--><\/p>\n<p>Pr\u00e9sent\u00e9es en tandem par des intervenantes scolaires et de notre CISSS, les deux exp\u00e9riences visaient \u00e0 d\u00e9montrer la force de la collaboration intersectorielle comme strat\u00e9gie d\u2019intervention et de services, particuli\u00e8rement aupr\u00e8s des populations vuln\u00e9rables compos\u00e9es de jeunes et de leur famille. En voici le r\u00e9sum\u00e9.<\/p>\n<p><strong>Projet Lafl\u00e8che<\/strong><\/p>\n<p>Inspir\u00e9s de l\u2019approche \u00e9cole-famille-communaut\u00e9, les principaux acteurs du secteur Lafl\u00e8che ont d\u00e9velopp\u00e9 le projet Lafl\u00e8che qui vise une meilleure concertation entre les acteurs afin de mieux servir les jeunes et de joindre les familles du territoire. Ce secteur est cibl\u00e9 comme une zone en mati\u00e8re de lutte contre la pauvret\u00e9 et l\u2019exclusion sociale. Le projet a conduit \u00e0 la cr\u00e9ation d\u2019une \u00e9quipe commune de professionnels (CISSS et commissions scolaires) aux \u00e9coles\u00a0 pour favoriser davantage une approche de quartier ainsi que l\u2019embauche d\u2019une intervenante scolaire communautaire.<\/p>\n<p><strong><em>Je tisse des liens gagnants<\/em><\/strong><\/p>\n<p>Implant\u00e9 partout en Mont\u00e9r\u00e9gie, le programme <em>Je tisse des liens gagnants<\/em> vise \u00e0 intervenir aupr\u00e8s des familles et des enfants vivant en contexte de n\u00e9gligence. Il pr\u00f4ne une approche \u00e9cosyst\u00e9mique de la probl\u00e9matique, en plus d\u2019impliquer une multitude d\u2019acteurs du r\u00e9seau de la sant\u00e9 et de la communaut\u00e9 (CISSS et organismes communautaires). Il peut \u00e9galement impliquer d\u2019autres acteurs (ex. : milieux de garde) et il laisse une place importante aux parents dans la planification des services \u00e0 recevoir.<\/p>\n<p>F\u00e9licitations \u00e0 tous les intervenants qui participent de pr\u00e8s ou de loin \u00e0 ces projets d\u2019exception!<\/p>\n<p><strong>Au sujet du<\/strong><strong> Congr\u00e8s qu\u00e9b\u00e9cois <\/strong><strong>sur la maltraitance envers les enfants et les adolescents <\/strong><\/p>\n<p>Pr\u00e9sent\u00e9e par divers \u00e9tablissement et partenaires du r\u00e9seau, cette r\u00e9union scientifique bisannuelle s\u2019adresse \u00e0 tous les intervenants concern\u00e9s par la maltraitance envers les enfants et les adolescents. Il s\u2019agit d\u2019un espace incontournable d\u2019\u00e9change, de m\u00eame qu\u2019une occasion de diffusion des connaissances et des pratiques novatrices. Il permet de mettre en commun le savoir des chercheurs et de toutes les personnes engag\u00e9es \u00e0 lutter contre la maltraitance.<\/p>\n<p>Sur la photo, de gauche \u00e0 droite, les pr\u00e9sentatrices des deux ateliers\u00a0: Annie Chartier, sp\u00e9cialiste en activit\u00e9s cliniques, services \u00e9ducatifs et services sociaux scolaires au CISSS de la Mont\u00e9r\u00e9gie-centre; Catherine Sheddleur, intervenante communautaire scolaire au projet Lafl\u00e8che; St\u00e9phanie Desmarais, coordonnatrice du service des ressources \u00e9ducatives \u00e0 la Commission scolaire Marie-Victorin; \u00a0et Kareen Nour, responsable du d\u00e9veloppement de la fonction recherche-\u00e9valuation \u00e0 la Direction de la sant\u00e9 publique du CISSS de la Mont\u00e9r\u00e9gie-centre.<\/p>\n","protected":false},"excerpt":{"rendered":"<p>Le 7e Congr\u00e8s qu\u00e9b\u00e9cois sur la maltraitance envers les enfants et les adolescents tenu cette semaine \u00e0 Montr\u00e9al mettait en vedette des initiatives novatrices issues de l\u2019ensemble de la province, dont deux en provenance de notre territoire : le projet &hellip; <a href=\"https:\/\/santemc.quebec\/icentre\/deux-projets-novateurs-du-cisss-presentes-au-congres-quebecois-sur-la-maltraitance-envers-les-enfants-et-les-adolescents\/\">Continuer la lecture <span class=\"meta-nav\">&rarr;<\/span><\/a><\/p>\n","protected":false},"author":2,"featured_media":0,"comment_status":"open","ping_status":"closed","sticky":false,"template":"","format":"standard","meta":{"footnotes":""},"categories":[1],"tags":[],"_links":{"self":[{"href":"https:\/\/santemc.quebec\/icentre\/wp-json\/wp\/v2\/posts\/962"}],"collection":[{"href":"https:\/\/santemc.quebec\/icentre\/wp-json\/wp\/v2\/posts"}],"about":[{"href":"https:\/\/santemc.quebec\/icentre\/wp-json\/wp\/v2\/types\/post"}],"author":[{"embeddable":true,"href":"https:\/\/santemc.quebec\/icentre\/wp-json\/wp\/v2\/users\/2"}],"replies":[{"embeddable":true,"href":"https:\/\/santemc.quebec\/icentre\/wp-json\/wp\/v2\/comments?post=962"}],"version-history":[{"count":2,"href":"https:\/\/santemc.quebec\/icentre\/wp-json\/wp\/v2\/posts\/962\/revisions"}],"predecessor-version":[{"id":965,"href":"https:\/\/santemc.quebec\/icentre\/wp-json\/wp\/v2\/posts\/962\/revisions\/965"}],"wp:attachment":[{"href":"https:\/\/santemc.quebec\/icentre\/wp-json\/wp\/v2\/media?parent=962"}],"wp:term":[{"taxonomy":"category","embeddable":true,"href":"https:\/\/santemc.quebec\/icentre\/wp-json\/wp\/v2\/categories?post=962"},{"taxonomy":"post_tag","embeddable":true,"href":"https:\/\/santemc.quebec\/icentre\/wp-json\/wp\/v2\/tags?post=962"}],"curies":[{"name":"wp","href":"https:\/\/api.w.org\/{rel}","templated":true}]}}