{"id":987,"date":"2015-10-30T13:43:34","date_gmt":"2015-10-30T17:43:34","guid":{"rendered":"http:\/\/santemc.quebec\/icentre\/?p=987"},"modified":"2015-10-30T13:43:34","modified_gmt":"2015-10-30T17:43:34","slug":"la-direction-de-sante-publique-aborde-linsalubrite-morbide-en-conference","status":"publish","type":"post","link":"https:\/\/santemc.quebec\/icentre\/la-direction-de-sante-publique-aborde-linsalubrite-morbide-en-conference\/","title":{"rendered":"La Direction de sant\u00e9 publique aborde l\u2019insalubrit\u00e9 morbide en conf\u00e9rence"},"content":{"rendered":"<p>Sur l\u2019invitation de la Soci\u00e9t\u00e9 de schizophr\u00e9nie de la Mont\u00e9r\u00e9gie, la Direction de sant\u00e9 publique, en compagnie de partenaires, pr\u00e9sentait le 27 octobre dernier une conf\u00e9rence sur le sujet de l\u2019insalubrit\u00e9 morbide. Encore taboues, les situations d\u2019encombrement excessif peuvent entra\u00eener des risques \u00e0 la sant\u00e9 et \u00e0 la s\u00e9curit\u00e9 de personnes qui en sont atteintes de m\u00eame qu\u2019\u00e0 leurs proches. Comment faire pour aider un voisin, un proche ou un locataire aux prises avec ce probl\u00e8me? L\u2019activit\u00e9 visait \u00e0 r\u00e9pondre \u00e0 ces pr\u00e9occupations souvent peu abord\u00e9es et m\u00e9connues.<!--more--><\/p>\n<p>On parle d\u2019insalubrit\u00e9 morbide lorsqu\u2019une personne n\u00e9glige la propret\u00e9 de son logement en accumulant, par exemple, une quantit\u00e9 d\u2019objets, de nourriture et de d\u00e9chets pouvant menacer sa sant\u00e9 ou sa s\u00e9curit\u00e9. Dans la plupart des cas, la personne affect\u00e9e souffre d\u2019un probl\u00e8me de sant\u00e9 mentale ou est en perte d\u2019autonomie. Cons\u00e9quemment, cela peut occasionner pour l\u2019occupant des probl\u00e8mes respiratoires, des infections, la pr\u00e9sence de parasites et des chutes.<\/p>\n<p>Au sein de la communaut\u00e9, notre CISSS et plusieurs de ses partenaires, tels que les services de police et d\u2019incendie, les municipalit\u00e9s, le curateur public, les centres de crise, etc., s\u2019unissent pour offrir une trajectoire de services de soutien aux personnes vivant avec ce probl\u00e8me.<\/p>\n<p>Pour en savoir plus sur ce probl\u00e8me, consultez\u00a0:<\/p>\n<p><a href=\"http:\/\/www.santemonteregie.qc.ca\/agence\/santepublique\/directiondesantepublique\/insulabrite.fr.html\">www.santemonteregie.qc.ca\/agence\/santepublique\/directiondesantepublique\/insulabrite.fr.html<\/a><\/p>\n<p>&nbsp;<\/p>\n<p>&nbsp;<\/p>\n<p>&nbsp;<\/p>\n","protected":false},"excerpt":{"rendered":"<p>Sur l\u2019invitation de la Soci\u00e9t\u00e9 de schizophr\u00e9nie de la Mont\u00e9r\u00e9gie, la Direction de sant\u00e9 publique, en compagnie de partenaires, pr\u00e9sentait le 27 octobre dernier une conf\u00e9rence sur le sujet de l\u2019insalubrit\u00e9 morbide. Encore taboues, les situations d\u2019encombrement excessif peuvent entra\u00eener &hellip; <a href=\"https:\/\/santemc.quebec\/icentre\/la-direction-de-sante-publique-aborde-linsalubrite-morbide-en-conference\/\">Continuer la lecture <span class=\"meta-nav\">&rarr;<\/span><\/a><\/p>\n","protected":false},"author":2,"featured_media":0,"comment_status":"open","ping_status":"closed","sticky":false,"template":"","format":"standard","meta":{"footnotes":""},"categories":[1],"tags":[],"_links":{"self":[{"href":"https:\/\/santemc.quebec\/icentre\/wp-json\/wp\/v2\/posts\/987"}],"collection":[{"href":"https:\/\/santemc.quebec\/icentre\/wp-json\/wp\/v2\/posts"}],"about":[{"href":"https:\/\/santemc.quebec\/icentre\/wp-json\/wp\/v2\/types\/post"}],"author":[{"embeddable":true,"href":"https:\/\/santemc.quebec\/icentre\/wp-json\/wp\/v2\/users\/2"}],"replies":[{"embeddable":true,"href":"https:\/\/santemc.quebec\/icentre\/wp-json\/wp\/v2\/comments?post=987"}],"version-history":[{"count":3,"href":"https:\/\/santemc.quebec\/icentre\/wp-json\/wp\/v2\/posts\/987\/revisions"}],"predecessor-version":[{"id":991,"href":"https:\/\/santemc.quebec\/icentre\/wp-json\/wp\/v2\/posts\/987\/revisions\/991"}],"wp:attachment":[{"href":"https:\/\/santemc.quebec\/icentre\/wp-json\/wp\/v2\/media?parent=987"}],"wp:term":[{"taxonomy":"category","embeddable":true,"href":"https:\/\/santemc.quebec\/icentre\/wp-json\/wp\/v2\/categories?post=987"},{"taxonomy":"post_tag","embeddable":true,"href":"https:\/\/santemc.quebec\/icentre\/wp-json\/wp\/v2\/tags?post=987"}],"curies":[{"name":"wp","href":"https:\/\/api.w.org\/{rel}","templated":true}]}}