{"id":990,"date":"2015-10-30T13:48:44","date_gmt":"2015-10-30T17:48:44","guid":{"rendered":"http:\/\/santemc.quebec\/icentre\/?p=990"},"modified":"2015-10-30T13:52:39","modified_gmt":"2015-10-30T17:52:39","slug":"pluie-deloges-pour-de-garde-247-nos-medecins-a-tout-le-monde-en-parle-ce-dimanche","status":"publish","type":"post","link":"https:\/\/santemc.quebec\/icentre\/pluie-deloges-pour-de-garde-247-nos-medecins-a-tout-le-monde-en-parle-ce-dimanche\/","title":{"rendered":"Pluie d\u2019\u00e9loges pour De garde 24\/7\u00a0: nos m\u00e9decins \u00e0 Tout le monde en parle ce dimanche"},"content":{"rendered":"<p><a href=\"http:\/\/santemc.quebec\/santemc\/icentre\/wp-content\/uploads\/2015\/10\/imagedoc_Degarde.jpg\"><img decoding=\"async\" loading=\"lazy\" class=\" wp-image-992 size-thumbnail alignleft\" src=\"http:\/\/santemc.quebec\/santemc\/icentre\/wp-content\/uploads\/2015\/10\/imagedoc_Degarde-150x150.jpg\" alt=\"imagedoc_Degarde\" width=\"150\" height=\"150\" \/><\/a>La s\u00e9rie documentaire <em>De garde 24\/7<\/em> tourn\u00e9e \u00e0 l\u2019H\u00f4pital Charles-Le Moyne r\u00e9colte tous les \u00e9loges depuis sa diffusion en septembre. Cette semaine, apr\u00e8s son apologie par le chroniqueur Hugo Dumas dans <em>La Presse +<\/em>, voil\u00e0 que les Drs Chantal Vall\u00e9e et Micha\u00ebl Bensoussan compteront parmi les invit\u00e9s de la tr\u00e8s populaire \u00e9mission <em>Tout le monde en parle <\/em>ce dimanche.<!--more--><\/p>\n<p>Fait marquant, avec un auditoire de plus de 150\u00a0000 personnes chaque semaine, <em>De garde 24\/7<\/em> figure dans le top 5 des \u00e9missions les plus \u00e9cout\u00e9es \u00e0 T\u00e9l\u00e9-Qu\u00e9bec cet automne. Cela sans compter l\u2019\u00e9coute en webdiffusion sur le site de T\u00e9l\u00e9-Qu\u00e9bec, ni le fait que la s\u00e9rie b\u00e9n\u00e9ficie d\u2019une case horaire tr\u00e8s achaland\u00e9e.<\/p>\n<p>Rarement une s\u00e9rie documentaire n\u2019avait aussi bien fait comprendre l\u2019envers du d\u00e9cor de la m\u00e9decine, ni suscit\u00e9 un tel attachement \u00e0 l\u2019\u00e9gard de ceux qui la pratiquent. C\u2019est un grand privil\u00e8ge que cela se produise entre nos murs!<\/p>\n<p>Visionner l\u2019article d\u2019Hugo Dumas paru dans <em><a href=\"http:\/\/plus.lapresse.ca\/screens\/a7a62a1d-f702-408c-9a7b-409fd64ce02e%7C_0.html\">La Presse +<\/a><\/em><\/p>\n<p>Ne manquez pas l\u2019\u00e9mission <em>Tout le monde en parle <\/em>ce dimanche sur les ondes de Radio-Canada, d\u00e8s 20 h.<\/p>\n","protected":false},"excerpt":{"rendered":"<p>La s\u00e9rie documentaire De garde 24\/7 tourn\u00e9e \u00e0 l\u2019H\u00f4pital Charles-Le Moyne r\u00e9colte tous les \u00e9loges depuis sa diffusion en septembre. Cette semaine, apr\u00e8s son apologie par le chroniqueur Hugo Dumas dans La Presse +, voil\u00e0 que les Drs Chantal Vall\u00e9e &hellip; <a href=\"https:\/\/santemc.quebec\/icentre\/pluie-deloges-pour-de-garde-247-nos-medecins-a-tout-le-monde-en-parle-ce-dimanche\/\">Continuer la lecture <span class=\"meta-nav\">&rarr;<\/span><\/a><\/p>\n","protected":false},"author":2,"featured_media":0,"comment_status":"open","ping_status":"closed","sticky":false,"template":"","format":"standard","meta":{"footnotes":""},"categories":[1],"tags":[],"_links":{"self":[{"href":"https:\/\/santemc.quebec\/icentre\/wp-json\/wp\/v2\/posts\/990"}],"collection":[{"href":"https:\/\/santemc.quebec\/icentre\/wp-json\/wp\/v2\/posts"}],"about":[{"href":"https:\/\/santemc.quebec\/icentre\/wp-json\/wp\/v2\/types\/post"}],"author":[{"embeddable":true,"href":"https:\/\/santemc.quebec\/icentre\/wp-json\/wp\/v2\/users\/2"}],"replies":[{"embeddable":true,"href":"https:\/\/santemc.quebec\/icentre\/wp-json\/wp\/v2\/comments?post=990"}],"version-history":[{"count":4,"href":"https:\/\/santemc.quebec\/icentre\/wp-json\/wp\/v2\/posts\/990\/revisions"}],"predecessor-version":[{"id":996,"href":"https:\/\/santemc.quebec\/icentre\/wp-json\/wp\/v2\/posts\/990\/revisions\/996"}],"wp:attachment":[{"href":"https:\/\/santemc.quebec\/icentre\/wp-json\/wp\/v2\/media?parent=990"}],"wp:term":[{"taxonomy":"category","embeddable":true,"href":"https:\/\/santemc.quebec\/icentre\/wp-json\/wp\/v2\/categories?post=990"},{"taxonomy":"post_tag","embeddable":true,"href":"https:\/\/santemc.quebec\/icentre\/wp-json\/wp\/v2\/tags?post=990"}],"curies":[{"name":"wp","href":"https:\/\/api.w.org\/{rel}","templated":true}]}}