{"id":89,"count":1,"description":"","link":"https:\/\/santemc.quebec\/icentre\/etiquette\/semaine-quebecoise-de-la-deficience-intellectuelle\/","name":"semaine qu\u00e9b\u00e9coise de la d\u00e9ficience intellectuelle","slug":"semaine-quebecoise-de-la-deficience-intellectuelle","taxonomy":"post_tag","meta":[],"_links":{"self":[{"href":"https:\/\/santemc.quebec\/icentre\/wp-json\/wp\/v2\/tags\/89"}],"collection":[{"href":"https:\/\/santemc.quebec\/icentre\/wp-json\/wp\/v2\/tags"}],"about":[{"href":"https:\/\/santemc.quebec\/icentre\/wp-json\/wp\/v2\/taxonomies\/post_tag"}],"wp:post_type":[{"href":"https:\/\/santemc.quebec\/icentre\/wp-json\/wp\/v2\/posts?tags=89"}],"curies":[{"name":"wp","href":"https:\/\/api.w.org\/{rel}","templated":true}]}}